{"id":1503,"date":"2020-09-05T19:38:54","date_gmt":"2020-09-05T17:38:54","guid":{"rendered":"http:\/\/rjp8.katowice.eu\/?p=1503"},"modified":"2020-09-05T20:28:01","modified_gmt":"2020-09-05T18:28:01","slug":"zmieniajmy-osiedle-razem","status":"publish","type":"post","link":"https:\/\/radadzielnicy.witosa.pl\/?p=1503","title":{"rendered":"ZMIENIAJMY OSIEDLE RAZEM"},"content":{"rendered":"<div class=\"fcbkbttn_buttons_block\" id=\"fcbkbttn_left\"><div class=\"fcbkbttn_like \"><fb:like href=\"https:\/\/radadzielnicy.witosa.pl\/?p=1503\" action=\"like\" colorscheme=\"light\" layout=\"standard\"  width=\"225px\" size=\"small\"><\/fb:like><\/div><div class=\"fb-share-button  \" data-href=\"https:\/\/radadzielnicy.witosa.pl\/?p=1503\" data-type=\"button_count\" data-size=\"small\"><\/div><\/div>\n<p class=\"has-medium-font-size\"> Szanowni Pa\u0144stwo, <br><br>Mieszka\u0144cy Osiedla Witosa! <br><br>Bud\u017cet Obywatelski to jedyna mo\u017cliwo\u015b\u0107, aby\u015bmy mogli zdecydowa\u0107 sami, co w naszej dzielnicy i mie\u015bcie ma si\u0119 pojawi\u0107 w kolejnym roku.Chodzi tu zar\u00f3wno o inwestycje, jak i wydarzenia kulturalne.<br><br> Wszystkie projekty s\u0105 ciekawe i w zasadzie ka\u017cdy zas\u0142uguje na to, by zosta\u0107 zrealizowany. Decydujemy o podziale ponad 0,5 mln z\u0142otych dla Osiedla Witosa! <br><br>W tym roku ponownie w puli og\u00f3lnomiejskiej zg\u0142oszony zosta\u0142 wniosek dotycz\u0105cy naszej dzielnicy \u2013 <strong><a href=\"http:\/\/www.boglosujemy.katowice.eu\">Przywr\u00f3\u0107my \u015bwiatu Staw Kozubek! (nr M\/67\/VII) o<\/a> warto\u015bci 1 540 000 z\u0142otych! <\/strong><br><br><strong><span style=\"text-decoration: underline;\">G\u0142osujmy razem za rewitalizacj\u0105 terenu po by\u0142ej Kopalni Kleofas! <\/span><\/strong><br><br>Dlatego musisz wzi\u0105\u0107 udzia\u0142 w g\u0142osowaniu! <br>Samo g\u0142osowanie jest bardzo kr\u00f3tkie. <br>Mo\u017cna to zrobi\u0107 poprzez stron\u0119 internetow\u0105 <a href=\"http:\/\/www.boglosujemy.katowice.eu\">www.boglosujemy.katowice.eu. <\/a><br><br>Trzeba zna\u0107 sw\u00f3j PESEL, nazwisko rodowe matki oraz mie\u0107 przy sobie telefon kom\u00f3rkowy. <br>W g\u0142osowaniu mo\u017cna i nale\u017cy zag\u0142osowa\u0107 <strong>wraz ze swoimi dzie\u0107mi<\/strong>, a m\u0142odzie\u017c, kt\u00f3ra uko\u0144czy\u0142a 16 lat, mo\u017ce zag\u0142osowa\u0107 samodzielnie. <br><br>JU\u017b  dzi\u015b  zapoznaj si\u0119 z projektami  dotycz\u0105cymi naszej dzielnicy  <a href=\"http:\/\/rjp8.katowice.eu\/projekty-do-bo-glosowanie-7-20-wrzesnia-2020\/\">tutaj,<\/a> by twoje g\u0142osowanie przebieg\u0142o sprawniej.<br><br>Gdyby jednak kto\u015b chcia\u0142 skorzysta\u0107 z naszej pomocy, wraz z pozosta\u0142ymi Radnymi Osiedla Witosa jeste\u015bmy do Waszej dyspozycji.  na Placu \u015bw. Herberta! <br><br><span style=\"text-decoration: underline;\">W pi\u0105tek 11 wrze\u015bnia<br> i sobot\u0119 12 wrze\u015bnia<\/span> w godzinach <strong>16:00-19:00. <\/strong><br><br><span style=\"text-decoration: underline;\">W niedziel\u0119 13 wrze\u015bnia <\/span><br>w godzinach <strong>10:30-18:30. <\/strong><br><br><span style=\"text-decoration: underline;\">W pi\u0105tek 18 wrze\u015bnia<\/span> <br>i sobot\u0119 19 wrze\u015bnia w godzinach <strong>16:00-19:00. <\/strong><br><br><span style=\"text-decoration: underline;\">W niedziel\u0119 20 wrze\u015bnia <\/span><br>w godzinach <strong>10:30-18:30.<\/strong> <br><br>W razie niesprzyjaj\u0105cej pogody \u2013 znajdziecie nas przy naszej siedzibie (parter przy ul. Kwiatkowskiego 8) <\/p>\n ","protected":false},"excerpt":{"rendered":"<p>Szanowni Pa\u0144stwo, Mieszka\u0144cy Osiedla Witosa! Bud\u017cet Obywatelski to jedyna mo\u017cliwo\u015b\u0107, aby\u015bmy mogli zdecydowa\u0107 sami, co w naszej dzielnicy i mie\u015bcie ma si\u0119 pojawi\u0107 w kolejnym roku.Chodzi tu&hellip;<\/p>\n<p> <a class=\"more-link\" href=\"https:\/\/radadzielnicy.witosa.pl\/?p=1503\">Dowiedz si\u0119 wi\u0119cej<\/a><\/p>\n","protected":false},"author":1,"featured_media":1504,"comment_status":"closed","ping_status":"closed","sticky":false,"template":"","format":"standard","meta":{"ngg_post_thumbnail":0,"footnotes":""},"categories":[5],"tags":[],"class_list":{"0":"post-1503","1":"post","2":"type-post","3":"status-publish","4":"format-standard","5":"has-post-thumbnail","7":"category-komunikaty"},"_links":{"self":[{"href":"https:\/\/radadzielnicy.witosa.pl\/index.php?rest_route=\/wp\/v2\/posts\/1503","targetHints":{"allow":["GET"]}}],"collection":[{"href":"https:\/\/radadzielnicy.witosa.pl\/index.php?rest_route=\/wp\/v2\/posts"}],"about":[{"href":"https:\/\/radadzielnicy.witosa.pl\/index.php?rest_route=\/wp\/v2\/types\/post"}],"author":[{"embeddable":true,"href":"https:\/\/radadzielnicy.witosa.pl\/index.php?rest_route=\/wp\/v2\/users\/1"}],"replies":[{"embeddable":true,"href":"https:\/\/radadzielnicy.witosa.pl\/index.php?rest_route=%2Fwp%2Fv2%2Fcomments&post=1503"}],"version-history":[{"count":3,"href":"https:\/\/radadzielnicy.witosa.pl\/index.php?rest_route=\/wp\/v2\/posts\/1503\/revisions"}],"predecessor-version":[{"id":1510,"href":"https:\/\/radadzielnicy.witosa.pl\/index.php?rest_route=\/wp\/v2\/posts\/1503\/revisions\/1510"}],"wp:featuredmedia":[{"embeddable":true,"href":"https:\/\/radadzielnicy.witosa.pl\/index.php?rest_route=\/wp\/v2\/media\/1504"}],"wp:attachment":[{"href":"https:\/\/radadzielnicy.witosa.pl\/index.php?rest_route=%2Fwp%2Fv2%2Fmedia&parent=1503"}],"wp:term":[{"taxonomy":"category","embeddable":true,"href":"https:\/\/radadzielnicy.witosa.pl\/index.php?rest_route=%2Fwp%2Fv2%2Fcategories&post=1503"},{"taxonomy":"post_tag","embeddable":true,"href":"https:\/\/radadzielnicy.witosa.pl\/index.php?rest_route=%2Fwp%2Fv2%2Ftags&post=1503"}],"curies":[{"name":"wp","href":"https:\/\/api.w.org\/{rel}","templated":true}]}}