{"id":1534,"date":"2020-10-04T13:33:03","date_gmt":"2020-10-04T11:33:03","guid":{"rendered":"http:\/\/rjp8.katowice.eu\/?p=1534"},"modified":"2020-10-16T13:23:34","modified_gmt":"2020-10-16T11:23:34","slug":"28-posiedzenie-6-pazdziernika","status":"publish","type":"post","link":"https:\/\/radadzielnicy.witosa.pl\/?p=1534","title":{"rendered":"28 posiedzenie &#8211; 6 Pa\u017adziernika"},"content":{"rendered":"<div class=\"fcbkbttn_buttons_block\" id=\"fcbkbttn_left\"><div class=\"fcbkbttn_like \"><fb:like href=\"https:\/\/radadzielnicy.witosa.pl\/?p=1534\" action=\"like\" colorscheme=\"light\" layout=\"standard\"  width=\"225px\" size=\"small\"><\/fb:like><\/div><div class=\"fb-share-button  \" data-href=\"https:\/\/radadzielnicy.witosa.pl\/?p=1534\" data-type=\"button_count\" data-size=\"small\"><\/div><\/div>\n<p class=\"has-normal-font-size\">Informujemy, \u017ce 28 posiedzenie  Rady Jednostki Pomocniczej nr 8 Osiedle Witosa, odb\u0119dzie si\u0119 w<strong> dn. 6 pa\u017adziernika br. (wtorek)<\/strong> w budynku Klubu \u201ePlus\u201d Sp\u00f3\u0142dzielni Mieszkaniowej \u201eZa\u0142\u0119ska Ha\u0142da\u201d przy ul. Witosa 17 (pierwsze pi\u0119tro).<br><strong><br> Rozpocz\u0119cie posiedzenia o godz. 19:00. <\/strong><br><br> <em>Z uwagi na okoliczno\u015bci zwi\u0105zane z wprowadzonym na terytorium RP stanem epidemii informuj\u0119, \u017ce udzia\u0142 w posiedzeniu Mieszka\u0144c\u00f3w mo\u017cliwy b\u0119dzie jedynie za po\u015brednictwem transmisji online na profilu <\/em><br><br>Rad<em>y <\/em>Jednostki Pomocniczej nr 8 na portalu facebook pod adresem: <a href=\"https:\/\/www.facebook.com\/RadaOsiedlaWitosa\">https:\/\/www.facebook.com\/RadaOsiedlaWitosa<\/a>\/.<br><br><\/p>\n\n\n\n<p>Proponowany porz\u0105dek posiedzenia :<\/p>\n\n\n\n<ol class=\"wp-block-list\"><li>Otwarcie posiedzenia i stwierdzenie jego prawomocno\u015bci.<\/li><li>Powo\u0142anie sekretarza posiedzenia.<\/li><li>Przyj\u0119cie porz\u0105dku posiedzenia.<\/li><li>Przyj\u0119cie protoko\u0142u nr 8\/2020 z 27. posiedzenia Rady w dn. 31.08.2020 r.<\/li><li>Przyj\u0119cie protoko\u0142u nr 7\/2020 z 26. posiedzenia Rady w dn. 23.07.2020 r.<\/li><li>Informacja Przewodnicz\u0105cego Rady nt. dzia\u0142a\u0144 podejmowanych pomi\u0119dzy posiedzeniami Rady.<\/li><li>Informacja Przewodnicz\u0105cego Zarz\u0105du nt. dzia\u0142a\u0144 Zarz\u0105du podejmowanych pomi\u0119dzy posiedzeniami Rady.<\/li><li>Informacja Pe\u0142nomocnik Rady ds. dzia\u0142a\u0144 na rzecz senior\u00f3w i aktywizacji os\u00f3b starszych o pracach w okresie pomi\u0119dzy posiedzeniami Rady.<\/li><li>Informacja Przewodnicz\u0105cego Rady \u2013 G\u0142osowanie nad Bud\u017cetem Obywatelskim 2021 w dzielnicy.<\/li><li>Rozpatrzenie projektu uchwa\u0142y ws. wyst\u0105pienia na wniosek Mieszka\u0144ca do Miejskiego Zarz\u0105du Ulic i Most\u00f3w z wnioskiem o przeprowadzenie wizji lokalnej z udzia\u0142em Rady, MZUiM, Wydzia\u0142u Transportu UM Katowice, Stra\u017cy Miejskiej i Policji w rejonie ul. S\u0142awka.<\/li><li>Rozpatrzenie projektu uchwa\u0142y ws. wyst\u0105pienia do Miejskiego Zarz\u0105du Ulic i Most\u00f3w z wnioskiem o przeprowadzenie wizji lokalnej z udzia\u0142em Rady, MZUiM, Wydzia\u0142u Transportu UM Katowice, Stra\u017cy Miejskiej i Policji w rejonie ul. Barlickiego.<\/li><li>Rozpatrzenie projektu uchwa\u0142y ws. przekazania do Zarz\u0105du Transportu Metropolitalnego GZM uwag Mieszka\u0144c\u00f3w dot. wprowadzonych zmian w kursowaniu linii nr 900.<\/li><li>Rozpatrzenie spraw wniesionych przez Mieszka\u0144c\u00f3w Jednostki pomi\u0119dzy posiedzeniami Rady.<\/li><li>Sprawy organizacyjne i porz\u0105dkowe.<\/li><li>Komunikaty i zaproszenia.<\/li><li>Zamkni\u0119cie posiedzenia.<\/li><\/ol>\n\n\n\n<p><\/p>\n ","protected":false},"excerpt":{"rendered":"<p>Informujemy, \u017ce 28 posiedzenie Rady Jednostki Pomocniczej nr 8 Osiedle Witosa, odb\u0119dzie si\u0119 w dn. 6 pa\u017adziernika br. (wtorek) w budynku Klubu \u201ePlus\u201d Sp\u00f3\u0142dzielni Mieszkaniowej \u201eZa\u0142\u0119ska Ha\u0142da\u201d&hellip;<\/p>\n<p> <a class=\"more-link\" href=\"https:\/\/radadzielnicy.witosa.pl\/?p=1534\">Dowiedz si\u0119 wi\u0119cej<\/a><\/p>\n","protected":false},"author":1,"featured_media":1535,"comment_status":"closed","ping_status":"closed","sticky":false,"template":"","format":"standard","meta":{"ngg_post_thumbnail":0,"footnotes":""},"categories":[5,4],"tags":[],"class_list":{"0":"post-1534","1":"post","2":"type-post","3":"status-publish","4":"format-standard","5":"has-post-thumbnail","7":"category-komunikaty","8":"category-sesje"},"_links":{"self":[{"href":"https:\/\/radadzielnicy.witosa.pl\/index.php?rest_route=\/wp\/v2\/posts\/1534","targetHints":{"allow":["GET"]}}],"collection":[{"href":"https:\/\/radadzielnicy.witosa.pl\/index.php?rest_route=\/wp\/v2\/posts"}],"about":[{"href":"https:\/\/radadzielnicy.witosa.pl\/index.php?rest_route=\/wp\/v2\/types\/post"}],"author":[{"embeddable":true,"href":"https:\/\/radadzielnicy.witosa.pl\/index.php?rest_route=\/wp\/v2\/users\/1"}],"replies":[{"embeddable":true,"href":"https:\/\/radadzielnicy.witosa.pl\/index.php?rest_route=%2Fwp%2Fv2%2Fcomments&post=1534"}],"version-history":[{"count":1,"href":"https:\/\/radadzielnicy.witosa.pl\/index.php?rest_route=\/wp\/v2\/posts\/1534\/revisions"}],"predecessor-version":[{"id":1536,"href":"https:\/\/radadzielnicy.witosa.pl\/index.php?rest_route=\/wp\/v2\/posts\/1534\/revisions\/1536"}],"wp:featuredmedia":[{"embeddable":true,"href":"https:\/\/radadzielnicy.witosa.pl\/index.php?rest_route=\/wp\/v2\/media\/1535"}],"wp:attachment":[{"href":"https:\/\/radadzielnicy.witosa.pl\/index.php?rest_route=%2Fwp%2Fv2%2Fmedia&parent=1534"}],"wp:term":[{"taxonomy":"category","embeddable":true,"href":"https:\/\/radadzielnicy.witosa.pl\/index.php?rest_route=%2Fwp%2Fv2%2Fcategories&post=1534"},{"taxonomy":"post_tag","embeddable":true,"href":"https:\/\/radadzielnicy.witosa.pl\/index.php?rest_route=%2Fwp%2Fv2%2Ftags&post=1534"}],"curies":[{"name":"wp","href":"https:\/\/api.w.org\/{rel}","templated":true}]}}