{"id":1574,"date":"2020-12-03T14:42:39","date_gmt":"2020-12-03T13:42:39","guid":{"rendered":"http:\/\/rjp8.katowice.eu\/?p=1574"},"modified":"2020-12-06T09:01:21","modified_gmt":"2020-12-06T08:01:21","slug":"kiermasz","status":"publish","type":"post","link":"https:\/\/radadzielnicy.witosa.pl\/?p=1574","title":{"rendered":"Kiermasz"},"content":{"rendered":"<div class=\"fcbkbttn_buttons_block\" id=\"fcbkbttn_left\"><div class=\"fcbkbttn_like \"><fb:like href=\"https:\/\/radadzielnicy.witosa.pl\/?p=1574\" action=\"like\" colorscheme=\"light\" layout=\"standard\"  width=\"225px\" size=\"small\"><\/fb:like><\/div><div class=\"fb-share-button  \" data-href=\"https:\/\/radadzielnicy.witosa.pl\/?p=1574\" data-type=\"button_count\" data-size=\"small\"><\/div><\/div>\n<p class=\"has-text-align-left\">Gabloty RJP na naszym osiedlu nie lubi\u0105 okresu zimowego, lecz   z uwagi na pro\u015bb\u0119  organizator\u00f3w  w gablotach zawis\u0142y plakaty informuj\u0105ce o kiermaszu  zorganizowanym na placu \u015bw Herberta ju\u017c w najbli\u017csz\u0105 niedziel\u0119  6 Grudnia 2020 r  <br><\/p>\n\n\n\n<p>Je\u017celi czujecie potrzeb\u0119 by na chwil\u0119 wyj\u015b\u0107 z domu i pom\u00f3c, b\u0105d\u017acie <\/p>\n\n\n\n<p>Historia Maciusia  <a href=\"https:\/\/www.siepomaga.pl\/macius-cieslik\">https:\/\/www.siepomaga.pl\/macius-cieslik<\/a><\/p>\n\n\n\n<p><\/p>\n\n\n\n<p><\/p>\n\n\n\n<p class=\"has-text-align-center\"><br><br><a href=\"https:\/\/www.siepomaga.pl\/macius-cieslik\"><img loading=\"lazy\" decoding=\"async\" width=\"400\" height=\"566\" class=\"wp-image-1575\" style=\"width: 400px;\" src=\"http:\/\/rjp8.katowice.eu\/wp-content\/uploads\/2020\/12\/KIERMASZ-scaled.jpg\" alt=\"\" srcset=\"https:\/\/radadzielnicy.witosa.pl\/wp-content\/uploads\/2020\/12\/KIERMASZ-scaled.jpg 1810w, https:\/\/radadzielnicy.witosa.pl\/wp-content\/uploads\/2020\/12\/KIERMASZ-212x300.jpg 212w, https:\/\/radadzielnicy.witosa.pl\/wp-content\/uploads\/2020\/12\/KIERMASZ-724x1024.jpg 724w, https:\/\/radadzielnicy.witosa.pl\/wp-content\/uploads\/2020\/12\/KIERMASZ-768x1086.jpg 768w, https:\/\/radadzielnicy.witosa.pl\/wp-content\/uploads\/2020\/12\/KIERMASZ-1086x1536.jpg 1086w, https:\/\/radadzielnicy.witosa.pl\/wp-content\/uploads\/2020\/12\/KIERMASZ-1448x2048.jpg 1448w\" sizes=\"auto, (max-width: 400px) 100vw, 400px\" \/><\/a><\/p>\n ","protected":false},"excerpt":{"rendered":"<p>Gabloty RJP na naszym osiedlu nie lubi\u0105 okresu zimowego, lecz z uwagi na pro\u015bb\u0119 organizator\u00f3w w gablotach zawis\u0142y plakaty informuj\u0105ce o kiermaszu zorganizowanym na placu \u015bw Herberta&hellip;<\/p>\n<p> <a class=\"more-link\" href=\"https:\/\/radadzielnicy.witosa.pl\/?p=1574\">Dowiedz si\u0119 wi\u0119cej<\/a><\/p>\n","protected":false},"author":1,"featured_media":1576,"comment_status":"closed","ping_status":"closed","sticky":false,"template":"","format":"standard","meta":{"ngg_post_thumbnail":0,"footnotes":""},"categories":[5],"tags":[],"class_list":{"0":"post-1574","1":"post","2":"type-post","3":"status-publish","4":"format-standard","5":"has-post-thumbnail","7":"category-komunikaty"},"_links":{"self":[{"href":"https:\/\/radadzielnicy.witosa.pl\/index.php?rest_route=\/wp\/v2\/posts\/1574","targetHints":{"allow":["GET"]}}],"collection":[{"href":"https:\/\/radadzielnicy.witosa.pl\/index.php?rest_route=\/wp\/v2\/posts"}],"about":[{"href":"https:\/\/radadzielnicy.witosa.pl\/index.php?rest_route=\/wp\/v2\/types\/post"}],"author":[{"embeddable":true,"href":"https:\/\/radadzielnicy.witosa.pl\/index.php?rest_route=\/wp\/v2\/users\/1"}],"replies":[{"embeddable":true,"href":"https:\/\/radadzielnicy.witosa.pl\/index.php?rest_route=%2Fwp%2Fv2%2Fcomments&post=1574"}],"version-history":[{"count":2,"href":"https:\/\/radadzielnicy.witosa.pl\/index.php?rest_route=\/wp\/v2\/posts\/1574\/revisions"}],"predecessor-version":[{"id":1578,"href":"https:\/\/radadzielnicy.witosa.pl\/index.php?rest_route=\/wp\/v2\/posts\/1574\/revisions\/1578"}],"wp:featuredmedia":[{"embeddable":true,"href":"https:\/\/radadzielnicy.witosa.pl\/index.php?rest_route=\/wp\/v2\/media\/1576"}],"wp:attachment":[{"href":"https:\/\/radadzielnicy.witosa.pl\/index.php?rest_route=%2Fwp%2Fv2%2Fmedia&parent=1574"}],"wp:term":[{"taxonomy":"category","embeddable":true,"href":"https:\/\/radadzielnicy.witosa.pl\/index.php?rest_route=%2Fwp%2Fv2%2Fcategories&post=1574"},{"taxonomy":"post_tag","embeddable":true,"href":"https:\/\/radadzielnicy.witosa.pl\/index.php?rest_route=%2Fwp%2Fv2%2Ftags&post=1574"}],"curies":[{"name":"wp","href":"https:\/\/api.w.org\/{rel}","templated":true}]}}