{"id":1585,"date":"2020-12-04T11:27:00","date_gmt":"2020-12-04T10:27:00","guid":{"rendered":"http:\/\/rjp8.katowice.eu\/?p=1585"},"modified":"2021-01-29T20:50:53","modified_gmt":"2021-01-29T19:50:53","slug":"wnioski-zlozone-do-projektu-budzetu-na-2021-rok","status":"publish","type":"post","link":"https:\/\/radadzielnicy.witosa.pl\/?p=1585","title":{"rendered":"Wnioski z\u0142o\u017cone do projektu bud\u017cetu na 2021 rok"},"content":{"rendered":"<div class=\"fcbkbttn_buttons_block\" id=\"fcbkbttn_left\"><div class=\"fcbkbttn_like \"><fb:like href=\"https:\/\/radadzielnicy.witosa.pl\/?p=1585\" action=\"like\" colorscheme=\"light\" layout=\"standard\"  width=\"225px\" size=\"small\"><\/fb:like><\/div><div class=\"fb-share-button  \" data-href=\"https:\/\/radadzielnicy.witosa.pl\/?p=1585\" data-type=\"button_count\" data-size=\"small\"><\/div><\/div>\n<p>Od WICEPREZYDENTA MIASTA KATOWICE z dnia  2020 -11- 30  <\/p>\n\n\n\n<p>Do:<br> <strong>Rada Jednostki Pomocniczej nr 8 Osiedle Witosa <\/strong><\/p>\n\n\n\n<p>Nawi\u0105zuj\u0105c do wniosk\u00f3w z\u0142o\u017conych do projektu bud\u017cetu na 2021 rok uprzejmie informuj\u0119, co nast\u0119puje: <\/p>\n\n\n\n<ul class=\"wp-block-list\"><li>Utworzenie po\u0142\u0105czenia dla ruchu pieszego, rowerowego i lokalnego (samochody osobowe) ulic Dul\u0119by i Grabskiego. <em>Z uwagi na ograniczone \u015brodki finansowe Miasta w projekcie bud\u017cetu Miasta Katowice na 2021 r.<\/em> <strong>nie uj\u0119to zadania obejmuj\u0105cego wykonanie po\u0142\u0105czenia ul. Grabskiego z ul. Dul\u0119by. <\/strong><br><\/li><li> Budowa nowego po\u0142\u0105czenia lub rozbudowa obecnie istniej\u0105cego ci\u0105gu Kossutha-Wi\u015bniowa wraz z budow\u0105 infrastruktury rowerowej. <br><em>Wykonanie rozbudowy ulicy Wi\u015bniowej wraz z realizacj\u0105 infrastruktury rowerowej wi\u0105\u017ce si\u0119 z ingerencj\u0105 w istniej\u0105cy wiadukt kolejowy, kt\u00f3ry nie stanowi w\u0142asno\u015bci Miasta Katowice. Dzia\u0142ania w zakresie przebudowy omawianego uk\u0142adu drogowego uzale\u017cnione s\u0105 od plan\u00f3w inwestycyjnych PKP PLK S.A. Ze wzgl\u0119du na powy\u017csze oraz sytuacj\u0119 finansow\u0105 Miasta w projekcie bud\u017cetu na 2021 r<\/em>. <strong>nie uwzgl\u0119dniono \u015brodk\u00f3w dla wnioskowanego zadania. <\/strong><br><\/li><li>Realizacja opisanego w miejscowym planie zagospodarowania przestrzennego uk\u0142adu drogowego w rejonie terenu po by\u0142ej KWK Kleofas wraz z przebudow\u0105 skrzy\u017cowania ulic: Obroki &#8211; Wi\u015bniowa &#8211; Pukowca &#8211; Kossutha oraz skrzy\u017cowania ulic: Witosa -Obroki w skrzy\u017cowania \u2751 ruchu okr\u0119\u017cnym. <em>Z uwagi na du\u017cy zakres wnioskowanego przedsi\u0119wzi\u0119cia oraz ograniczone \u015brodki finansowe Miasta i konieczno\u015b\u0107 zabezpieczenia finansowania na kontynuacj\u0119 prowadzonych obecnie inwestycji, w projekcie bud\u017cetu Miasta Katowice na 2021<\/em> <strong>nie uwzgl\u0119dniono powy\u017cszych zada\u0144. <\/strong><br><br><\/li><li>Po\u0142\u0105czenie pieszo-drogowe ul. Szwana i ul. Rataja. <em>Poprowadzenie po\u0142\u0105czenia ul. Szwana z ul. Rataja przewidziane jest w ramach zagospodarowania osiedla mieszkaniowego realizowanego przez inwestora prywatnego na terenach dawnej kolei piaskowej. W projekcie bud\u017cetu Miasta Katowice na 2021 r. <\/em><strong>nie uj\u0119to przedmiotowej inwestycji. <\/strong><br><br><\/li><li> Utworzenie dedykowanej dzielnicy miejskiej instytucji kultury &#8211; budowa dedykowanego Os. Witosa miejskiego domu kultury wraz z urz\u0105dzeniem parku miejskiego w rejonie ulic Grabskiego i Kwiatkowskiego. <em>W projekcie bud\u017cetu Miasta na 2021 r. w ramach zadania inwestycyjnego pn.: \u201eMDK Witosa \u2014 budowa domu kultury wraz z zagospodarowaniem teren\u00f3w przyleg\u0142ych w formie parku&#8221; uj\u0119to kontynuacj\u0119 ww. przedsi\u0119wzi\u0119cia<\/em>. <strong>W roku 2021 planowane jest opracowanie dokumentacji projektowej. <\/strong><\/li><\/ul>\n ","protected":false},"excerpt":{"rendered":"<p>Od WICEPREZYDENTA MIASTA KATOWICE z dnia 2020 -11- 30 Do: Rada Jednostki Pomocniczej nr 8 Osiedle Witosa Nawi\u0105zuj\u0105c do wniosk\u00f3w z\u0142o\u017conych do projektu bud\u017cetu na 2021 rok&hellip;<\/p>\n<p> <a class=\"more-link\" href=\"https:\/\/radadzielnicy.witosa.pl\/?p=1585\">Dowiedz si\u0119 wi\u0119cej<\/a><\/p>\n","protected":false},"author":1,"featured_media":890,"comment_status":"closed","ping_status":"closed","sticky":false,"template":"","format":"standard","meta":{"ngg_post_thumbnail":0,"footnotes":""},"categories":[5,10],"tags":[],"class_list":{"0":"post-1585","1":"post","2":"type-post","3":"status-publish","4":"format-standard","5":"has-post-thumbnail","7":"category-komunikaty","8":"category-ogloszenia"},"_links":{"self":[{"href":"https:\/\/radadzielnicy.witosa.pl\/index.php?rest_route=\/wp\/v2\/posts\/1585","targetHints":{"allow":["GET"]}}],"collection":[{"href":"https:\/\/radadzielnicy.witosa.pl\/index.php?rest_route=\/wp\/v2\/posts"}],"about":[{"href":"https:\/\/radadzielnicy.witosa.pl\/index.php?rest_route=\/wp\/v2\/types\/post"}],"author":[{"embeddable":true,"href":"https:\/\/radadzielnicy.witosa.pl\/index.php?rest_route=\/wp\/v2\/users\/1"}],"replies":[{"embeddable":true,"href":"https:\/\/radadzielnicy.witosa.pl\/index.php?rest_route=%2Fwp%2Fv2%2Fcomments&post=1585"}],"version-history":[{"count":1,"href":"https:\/\/radadzielnicy.witosa.pl\/index.php?rest_route=\/wp\/v2\/posts\/1585\/revisions"}],"predecessor-version":[{"id":1586,"href":"https:\/\/radadzielnicy.witosa.pl\/index.php?rest_route=\/wp\/v2\/posts\/1585\/revisions\/1586"}],"wp:featuredmedia":[{"embeddable":true,"href":"https:\/\/radadzielnicy.witosa.pl\/index.php?rest_route=\/wp\/v2\/media\/890"}],"wp:attachment":[{"href":"https:\/\/radadzielnicy.witosa.pl\/index.php?rest_route=%2Fwp%2Fv2%2Fmedia&parent=1585"}],"wp:term":[{"taxonomy":"category","embeddable":true,"href":"https:\/\/radadzielnicy.witosa.pl\/index.php?rest_route=%2Fwp%2Fv2%2Fcategories&post=1585"},{"taxonomy":"post_tag","embeddable":true,"href":"https:\/\/radadzielnicy.witosa.pl\/index.php?rest_route=%2Fwp%2Fv2%2Ftags&post=1585"}],"curies":[{"name":"wp","href":"https:\/\/api.w.org\/{rel}","templated":true}]}}