{"id":1588,"date":"2020-12-24T09:42:36","date_gmt":"2020-12-24T08:42:36","guid":{"rendered":"http:\/\/rjp8.katowice.eu\/?p=1588"},"modified":"2020-12-24T10:22:04","modified_gmt":"2020-12-24T09:22:04","slug":"swiatecznie-noworocznie","status":"publish","type":"post","link":"https:\/\/radadzielnicy.witosa.pl\/?p=1588","title":{"rendered":"\u015awi\u0105tecznie Noworocznie"},"content":{"rendered":"<div class=\"fcbkbttn_buttons_block\" id=\"fcbkbttn_left\"><div class=\"fcbkbttn_like \"><fb:like href=\"https:\/\/radadzielnicy.witosa.pl\/?p=1588\" action=\"like\" colorscheme=\"light\" layout=\"standard\"  width=\"225px\" size=\"small\"><\/fb:like><\/div><div class=\"fb-share-button  \" data-href=\"https:\/\/radadzielnicy.witosa.pl\/?p=1588\" data-type=\"button_count\" data-size=\"small\"><\/div><\/div>\n<p style=\"font-size:23px\" class=\"has-text-align-center\">Radosnych <strong>\u015aWI\u0104T BO\u017bEGO NARODZENIA<\/strong> daj\u0105cych si\u0142 na ca\u0142y <strong>NOWY ROK 2021<\/strong><br><br>Oby\u015bmy mogli znowu poczu\u0107, \u017ce jeste\u015bmy razem ! <\/p>\n\n\n\n<div class=\"wp-block-image\"><figure class=\"alignright size-large is-resized\"><img loading=\"lazy\" decoding=\"async\" src=\"http:\/\/rjp8.katowice.eu\/wp-content\/uploads\/2020\/12\/new-years-eve-3856531_1920-1024x1024.png\" alt=\"\" class=\"wp-image-1593\" width=\"139\" height=\"139\" srcset=\"https:\/\/radadzielnicy.witosa.pl\/wp-content\/uploads\/2020\/12\/new-years-eve-3856531_1920-1024x1024.png 1024w, https:\/\/radadzielnicy.witosa.pl\/wp-content\/uploads\/2020\/12\/new-years-eve-3856531_1920-300x300.png 300w, https:\/\/radadzielnicy.witosa.pl\/wp-content\/uploads\/2020\/12\/new-years-eve-3856531_1920-150x150.png 150w, https:\/\/radadzielnicy.witosa.pl\/wp-content\/uploads\/2020\/12\/new-years-eve-3856531_1920-768x768.png 768w, https:\/\/radadzielnicy.witosa.pl\/wp-content\/uploads\/2020\/12\/new-years-eve-3856531_1920-1536x1536.png 1536w, https:\/\/radadzielnicy.witosa.pl\/wp-content\/uploads\/2020\/12\/new-years-eve-3856531_1920.png 1920w\" sizes=\"auto, (max-width: 139px) 100vw, 139px\" \/><\/figure><\/div>\n\n\n\n<p class=\"has-text-align-center\">.<\/p>\n\n\n\n<p style=\"font-size:21px\" class=\"has-text-color has-vivid-green-cyan-color\"><strong> \u017bycz\u0105  Radne: <br>              El\u017cbieta, Teresa, Sonia, Kasia,<\/strong> <\/p>\n\n\n\n<p class=\"has-text-color has-medium-font-size has-vivid-green-cyan-color\"><strong>Radni :     Micha\u0142, Waldemar, Wies\u0142aw, <br>            Marek, Arkadiusz, Pawe\u0142, Barosz, <br>              Tomasz, Mateusz, Robert, Krzysztof. <\/strong><\/p>\n\n\n\n<div class=\"wp-block-image\"><figure class=\"aligncenter size-large is-resized\"><img loading=\"lazy\" decoding=\"async\" src=\"http:\/\/rjp8.katowice.eu\/wp-content\/uploads\/2020\/12\/christmas-tree-1782529_1920-925x1024.png\" alt=\"\" class=\"wp-image-1592\" width=\"287\" height=\"318\" srcset=\"https:\/\/radadzielnicy.witosa.pl\/wp-content\/uploads\/2020\/12\/christmas-tree-1782529_1920-925x1024.png 925w, https:\/\/radadzielnicy.witosa.pl\/wp-content\/uploads\/2020\/12\/christmas-tree-1782529_1920-271x300.png 271w, https:\/\/radadzielnicy.witosa.pl\/wp-content\/uploads\/2020\/12\/christmas-tree-1782529_1920-768x850.png 768w, https:\/\/radadzielnicy.witosa.pl\/wp-content\/uploads\/2020\/12\/christmas-tree-1782529_1920-1387x1536.png 1387w, https:\/\/radadzielnicy.witosa.pl\/wp-content\/uploads\/2020\/12\/christmas-tree-1782529_1920.png 1734w\" sizes=\"auto, (max-width: 287px) 100vw, 287px\" \/><\/figure><\/div>\n\n\n\n<p><\/p>\n\n\n\n<figure class=\"wp-block-image size-large\"><img loading=\"lazy\" decoding=\"async\" width=\"838\" height=\"569\" src=\"http:\/\/rjp8.katowice.eu\/wp-content\/uploads\/2020\/12\/Bractwo.jpg\" alt=\"\" class=\"wp-image-1599\" srcset=\"https:\/\/radadzielnicy.witosa.pl\/wp-content\/uploads\/2020\/12\/Bractwo.jpg 838w, https:\/\/radadzielnicy.witosa.pl\/wp-content\/uploads\/2020\/12\/Bractwo-300x204.jpg 300w, https:\/\/radadzielnicy.witosa.pl\/wp-content\/uploads\/2020\/12\/Bractwo-768x521.jpg 768w, https:\/\/radadzielnicy.witosa.pl\/wp-content\/uploads\/2020\/12\/Bractwo-305x207.jpg 305w\" sizes=\"auto, (max-width: 838px) 100vw, 838px\" \/><\/figure>\n ","protected":false},"excerpt":{"rendered":"<p>Radosnych \u015aWI\u0104T BO\u017bEGO NARODZENIA daj\u0105cych si\u0142 na ca\u0142y NOWY ROK 2021 Oby\u015bmy mogli znowu poczu\u0107, \u017ce jeste\u015bmy razem ! . \u017bycz\u0105 Radne: El\u017cbieta, Teresa, Sonia, Kasia, Radni&hellip;<\/p>\n<p> <a class=\"more-link\" href=\"https:\/\/radadzielnicy.witosa.pl\/?p=1588\">Dowiedz si\u0119 wi\u0119cej<\/a><\/p>\n","protected":false},"author":1,"featured_media":1597,"comment_status":"closed","ping_status":"closed","sticky":false,"template":"","format":"standard","meta":{"ngg_post_thumbnail":0,"footnotes":""},"categories":[5],"tags":[],"class_list":{"0":"post-1588","1":"post","2":"type-post","3":"status-publish","4":"format-standard","5":"has-post-thumbnail","7":"category-komunikaty"},"_links":{"self":[{"href":"https:\/\/radadzielnicy.witosa.pl\/index.php?rest_route=\/wp\/v2\/posts\/1588","targetHints":{"allow":["GET"]}}],"collection":[{"href":"https:\/\/radadzielnicy.witosa.pl\/index.php?rest_route=\/wp\/v2\/posts"}],"about":[{"href":"https:\/\/radadzielnicy.witosa.pl\/index.php?rest_route=\/wp\/v2\/types\/post"}],"author":[{"embeddable":true,"href":"https:\/\/radadzielnicy.witosa.pl\/index.php?rest_route=\/wp\/v2\/users\/1"}],"replies":[{"embeddable":true,"href":"https:\/\/radadzielnicy.witosa.pl\/index.php?rest_route=%2Fwp%2Fv2%2Fcomments&post=1588"}],"version-history":[{"count":7,"href":"https:\/\/radadzielnicy.witosa.pl\/index.php?rest_route=\/wp\/v2\/posts\/1588\/revisions"}],"predecessor-version":[{"id":1602,"href":"https:\/\/radadzielnicy.witosa.pl\/index.php?rest_route=\/wp\/v2\/posts\/1588\/revisions\/1602"}],"wp:featuredmedia":[{"embeddable":true,"href":"https:\/\/radadzielnicy.witosa.pl\/index.php?rest_route=\/wp\/v2\/media\/1597"}],"wp:attachment":[{"href":"https:\/\/radadzielnicy.witosa.pl\/index.php?rest_route=%2Fwp%2Fv2%2Fmedia&parent=1588"}],"wp:term":[{"taxonomy":"category","embeddable":true,"href":"https:\/\/radadzielnicy.witosa.pl\/index.php?rest_route=%2Fwp%2Fv2%2Fcategories&post=1588"},{"taxonomy":"post_tag","embeddable":true,"href":"https:\/\/radadzielnicy.witosa.pl\/index.php?rest_route=%2Fwp%2Fv2%2Ftags&post=1588"}],"curies":[{"name":"wp","href":"https:\/\/api.w.org\/{rel}","templated":true}]}}