{"id":1604,"date":"2021-01-21T14:17:54","date_gmt":"2021-01-21T13:17:54","guid":{"rendered":"http:\/\/rjp8.katowice.eu\/?p=1604"},"modified":"2021-01-29T20:50:38","modified_gmt":"2021-01-29T19:50:38","slug":"inicjatywa-lokalna-osiedle-witosa","status":"publish","type":"post","link":"https:\/\/radadzielnicy.witosa.pl\/?p=1604","title":{"rendered":"Inicjatywa lokalna  &#8211; Osiedle Witosa"},"content":{"rendered":"<div class=\"fcbkbttn_buttons_block\" id=\"fcbkbttn_left\"><div class=\"fcbkbttn_like \"><fb:like href=\"https:\/\/radadzielnicy.witosa.pl\/?p=1604\" action=\"like\" colorscheme=\"light\" layout=\"standard\"  width=\"225px\" size=\"small\"><\/fb:like><\/div><div class=\"fb-share-button  \" data-href=\"https:\/\/radadzielnicy.witosa.pl\/?p=1604\" data-type=\"button_count\" data-size=\"small\"><\/div><\/div>\n<p><\/p>\n\n\n\n<p> Inicjatywa lokalna jest narz\u0119dziem wsp\u00f3\u0142pracy z mieszka\u0144cami, umo\u017cliwiaj\u0105cym lokalnym spo\u0142eczno\u015bciom realizacj\u0119 r\u00f3\u017cnych zada\u0144 publicznych wsp\u00f3lnie z urz\u0119dem. <\/p>\n\n\n\n<p>Na ten 2021 rok z czterech z\u0142o\u017conych wniosk\u00f3w  zrealizowany bedzie jeden. <br>Szkoda, \u017ce pozosta\u0142e inicjatywy nie za\u0142apa\u0142y si\u0119 w kryterium oceny<\/p>\n\n\n\n<p><\/p>\n\n\n\n<p><\/p>\n\n\n\n<ol class=\"wp-block-list\"><li><strong>Zaj\u0119cia sportowo-rekreacyjne z elementami boksu oraz fitness dla ca\u0142ych rodzin   1 stycznia 2021-31 grudnia 2021<\/strong> <br>organizacja zaj\u0119\u0107 sportowych dla rodzin <br><\/li><li> Dzi\u015b Aktywny Przedszkolak- Jutro Odpowiedzialny Doros\u0142y<br><em> Wniosek nie uzyska\u0142 minimalnej liczby 51 pkt  <\/em><br><\/li><li> Ciekawi ludzie s\u0105 w\u015br\u00f3d nas  <br><em>Wniosek nie uzyska\u0142 minimalnej liczby 51 pkt  <\/em> <br><\/li><li> Ksi\u0105\u017cka to podstawa \u2013 Dofinansowanie zakupu nowo\u015bci wydawniczych <br> <em>Wniosek nie uzyska\u0142 minimalnej liczby 51 pkt  <\/em> <br><br>Wi\u0119cej na temat<a href=\"https:\/\/www.katowice.eu\/dla-mieszka%C5%84ca\/zaanga%C5%BCuj-si%C4%99\/inicjatywa-lokalna\"> na stronie <\/a><br><br><br><br><\/li><\/ol>\n\n\n\n<p><\/p>\n ","protected":false},"excerpt":{"rendered":"<p>Inicjatywa lokalna jest narz\u0119dziem wsp\u00f3\u0142pracy z mieszka\u0144cami, umo\u017cliwiaj\u0105cym lokalnym spo\u0142eczno\u015bciom realizacj\u0119 r\u00f3\u017cnych zada\u0144 publicznych wsp\u00f3lnie z urz\u0119dem. Na ten 2021 rok z czterech z\u0142o\u017conych wniosk\u00f3w zrealizowany bedzie&hellip;<\/p>\n<p> <a class=\"more-link\" href=\"https:\/\/radadzielnicy.witosa.pl\/?p=1604\">Dowiedz si\u0119 wi\u0119cej<\/a><\/p>\n","protected":false},"author":1,"featured_media":1613,"comment_status":"closed","ping_status":"closed","sticky":false,"template":"","format":"standard","meta":{"ngg_post_thumbnail":0,"footnotes":""},"categories":[5,10],"tags":[],"class_list":{"0":"post-1604","1":"post","2":"type-post","3":"status-publish","4":"format-standard","5":"has-post-thumbnail","7":"category-komunikaty","8":"category-ogloszenia"},"_links":{"self":[{"href":"https:\/\/radadzielnicy.witosa.pl\/index.php?rest_route=\/wp\/v2\/posts\/1604","targetHints":{"allow":["GET"]}}],"collection":[{"href":"https:\/\/radadzielnicy.witosa.pl\/index.php?rest_route=\/wp\/v2\/posts"}],"about":[{"href":"https:\/\/radadzielnicy.witosa.pl\/index.php?rest_route=\/wp\/v2\/types\/post"}],"author":[{"embeddable":true,"href":"https:\/\/radadzielnicy.witosa.pl\/index.php?rest_route=\/wp\/v2\/users\/1"}],"replies":[{"embeddable":true,"href":"https:\/\/radadzielnicy.witosa.pl\/index.php?rest_route=%2Fwp%2Fv2%2Fcomments&post=1604"}],"version-history":[{"count":2,"href":"https:\/\/radadzielnicy.witosa.pl\/index.php?rest_route=\/wp\/v2\/posts\/1604\/revisions"}],"predecessor-version":[{"id":1616,"href":"https:\/\/radadzielnicy.witosa.pl\/index.php?rest_route=\/wp\/v2\/posts\/1604\/revisions\/1616"}],"wp:featuredmedia":[{"embeddable":true,"href":"https:\/\/radadzielnicy.witosa.pl\/index.php?rest_route=\/wp\/v2\/media\/1613"}],"wp:attachment":[{"href":"https:\/\/radadzielnicy.witosa.pl\/index.php?rest_route=%2Fwp%2Fv2%2Fmedia&parent=1604"}],"wp:term":[{"taxonomy":"category","embeddable":true,"href":"https:\/\/radadzielnicy.witosa.pl\/index.php?rest_route=%2Fwp%2Fv2%2Fcategories&post=1604"},{"taxonomy":"post_tag","embeddable":true,"href":"https:\/\/radadzielnicy.witosa.pl\/index.php?rest_route=%2Fwp%2Fv2%2Ftags&post=1604"}],"curies":[{"name":"wp","href":"https:\/\/api.w.org\/{rel}","templated":true}]}}