{"id":1622,"date":"2021-01-29T20:43:05","date_gmt":"2021-01-29T19:43:05","guid":{"rendered":"http:\/\/rjp8.katowice.eu\/?p=1622"},"modified":"2021-02-08T19:36:05","modified_gmt":"2021-02-08T18:36:05","slug":"31-posiedzenie-odbedzie-sie-w-dn-1-lutego-br-godz-1900","status":"publish","type":"post","link":"https:\/\/radadzielnicy.witosa.pl\/?p=1622","title":{"rendered":"31 posiedzenie &#8211; 1 lutego  godz 19:00"},"content":{"rendered":"<div class=\"fcbkbttn_buttons_block\" id=\"fcbkbttn_left\"><div class=\"fcbkbttn_like \"><fb:like href=\"https:\/\/radadzielnicy.witosa.pl\/?p=1622\" action=\"like\" colorscheme=\"light\" layout=\"standard\"  width=\"225px\" size=\"small\"><\/fb:like><\/div><div class=\"fb-share-button  \" data-href=\"https:\/\/radadzielnicy.witosa.pl\/?p=1622\" data-type=\"button_count\" data-size=\"small\"><\/div><\/div>\n<p>Przeniesione na <strong>8-02-2021<\/strong> z powodu braku kworum.<\/p>\n\n\n\n<p><\/p>\n\n\n\n<p class=\"has-medium-font-size\"> <br> Z uwagi na okoliczno\u015bci zwi\u0105zane z wprowadzonym na terytorium RP stanem epidemii informujemy, \u017ce udzia\u0142 w posiedzeniu Mieszka\u0144c\u00f3w mo\u017cliwy b\u0119dzie jedynie za po\u015brednictwem transmisji online na profilu Rady Jednostki Pomocniczej nr 8 na portalu facebook pod adresem:<\/p>\n\n\n\n<p><a href=\"https:\/\/www.facebook.com\/RadaOsiedlaWitosa\/\" target=\"_blank\" rel=\"noreferrer noopener\"> https:\/\/www.facebook.com\/RadaOsiedlaWitosa\/<\/a><\/p>\n\n\n\n<p class=\"has-medium-font-size\"><strong><em>Proponowany porz\u0105dek 31. posiedzenia Rady Jednostki Pomocniczej nr 8 Osiedle Witosa w dn. <s>1 lutego 2021 r.<\/s> <\/em><\/strong><br><br><strong><em>08 lutego 2021r(poniedzia\u0142ek)<\/em><\/strong><br><br> Pocz\u0105tek posiedzenia: <strong>godz. 19:00<\/strong><\/p>\n\n\n\n<ol class=\"wp-block-list\"><li>Otwarcie posiedzenia i stwierdzenie jego prawomocno\u015bci.<\/li><li>Powo\u0142anie sekretarza posiedzenia.<\/li><li>Przyj\u0119cie porz\u0105dku posiedzenia.<\/li><li>Wyst\u0105pienie okoliczno\u015bciowe Przewodnicz\u0105cego Rady.<\/li><li>Przyj\u0119cie protoko\u0142u nr 1\/2021 z 29. posiedzenia Rady w dn. 12.11.2020 r.<\/li><li>Przyj\u0119cie protoko\u0142u nr 2\/2021 z 30. posiedzenia Rady w dn. 30.11.2020 r.<\/li><li>Informacja Przewodnicz\u0105cego Rady nt. dzia\u0142a\u0144 podejmowanych pomi\u0119dzy posiedzeniami Rady.<\/li><li>Informacja Przewodnicz\u0105cego Zarz\u0105du nt. dzia\u0142a\u0144 Zarz\u0105du podejmowanych pomi\u0119dzy posiedzeniami Rady.<\/li><li>Informacja Pe\u0142nomocnik Rady ds. dzia\u0142a\u0144 na rzecz senior\u00f3w i aktywizacji os\u00f3b starszych o pracach w okresie pomi\u0119dzy posiedzeniami Rady.<\/li><li>Informacja Sekretarza Zarz\u0105du z wydatkowania \u015brodk\u00f3w finansowych przez Rad\u0119 w roku 2020.<\/li><li>Rozpatrzenie projektu uchwa\u0142y ws. ustanowienia obchod\u00f3w 30-lecia Dzielnicy.<\/li><li>Dyskusja programowa nt. proponowanych zada\u0144 do realizacji przez Rad\u0119 w roku 2021.<\/li><li>Rozpatrzenie projektu uchwa\u0142y ws. rozdysponowania \u015brodk\u00f3w finansowych z Bud\u017cetu Miasta Katowice w wysoko\u015bci 10 000 PLN zabezpieczonych do dyspozycji Rady w roku 2021 na zadania wskazane przez Rad\u0119.<\/li><li>Rozpatrzenie projektu uchwa\u0142y ws. przyj\u0119cia Stanowiska Rady wzgl\u0119dem plan\u00f3w uruchomienia przez Zarz\u0105d Transportu Metropolitalnego tzw. linii metropolitalnych \u201eM\u201d.<\/li><li><s>Rozpatrzenie projektu uchwa\u0142y ws. wyst\u0105pienia do Prezydenta Miasta<br> Katowice z wnioskiem o zmian\u0119 trasy linii autobusowej nr 109.<\/s><\/li><li>Rozpatrzenie spraw wniesionych przez Mieszka\u0144c\u00f3w Jednostki pomi\u0119dzy posiedzeniami Rady.<\/li><li>Sprawy organizacyjne i porz\u0105dkowe.<\/li><li>Komunikaty i zaproszenia.<br>18a &#8211; Wolne wnioski <\/li><li>Zamkni\u0119cie posiedzenia.<\/li><\/ol>\n ","protected":false},"excerpt":{"rendered":"<p>Przeniesione na 8-02-2021 z powodu braku kworum. Z uwagi na okoliczno\u015bci zwi\u0105zane z wprowadzonym na terytorium RP stanem epidemii informujemy, \u017ce udzia\u0142 w posiedzeniu Mieszka\u0144c\u00f3w mo\u017cliwy b\u0119dzie&hellip;<\/p>\n<p> <a class=\"more-link\" href=\"https:\/\/radadzielnicy.witosa.pl\/?p=1622\">Dowiedz si\u0119 wi\u0119cej<\/a><\/p>\n","protected":false},"author":1,"featured_media":1629,"comment_status":"closed","ping_status":"closed","sticky":false,"template":"","format":"standard","meta":{"ngg_post_thumbnail":0,"footnotes":""},"categories":[5,4],"tags":[],"class_list":{"0":"post-1622","1":"post","2":"type-post","3":"status-publish","4":"format-standard","5":"has-post-thumbnail","7":"category-komunikaty","8":"category-sesje"},"_links":{"self":[{"href":"https:\/\/radadzielnicy.witosa.pl\/index.php?rest_route=\/wp\/v2\/posts\/1622","targetHints":{"allow":["GET"]}}],"collection":[{"href":"https:\/\/radadzielnicy.witosa.pl\/index.php?rest_route=\/wp\/v2\/posts"}],"about":[{"href":"https:\/\/radadzielnicy.witosa.pl\/index.php?rest_route=\/wp\/v2\/types\/post"}],"author":[{"embeddable":true,"href":"https:\/\/radadzielnicy.witosa.pl\/index.php?rest_route=\/wp\/v2\/users\/1"}],"replies":[{"embeddable":true,"href":"https:\/\/radadzielnicy.witosa.pl\/index.php?rest_route=%2Fwp%2Fv2%2Fcomments&post=1622"}],"version-history":[{"count":6,"href":"https:\/\/radadzielnicy.witosa.pl\/index.php?rest_route=\/wp\/v2\/posts\/1622\/revisions"}],"predecessor-version":[{"id":1637,"href":"https:\/\/radadzielnicy.witosa.pl\/index.php?rest_route=\/wp\/v2\/posts\/1622\/revisions\/1637"}],"wp:featuredmedia":[{"embeddable":true,"href":"https:\/\/radadzielnicy.witosa.pl\/index.php?rest_route=\/wp\/v2\/media\/1629"}],"wp:attachment":[{"href":"https:\/\/radadzielnicy.witosa.pl\/index.php?rest_route=%2Fwp%2Fv2%2Fmedia&parent=1622"}],"wp:term":[{"taxonomy":"category","embeddable":true,"href":"https:\/\/radadzielnicy.witosa.pl\/index.php?rest_route=%2Fwp%2Fv2%2Fcategories&post=1622"},{"taxonomy":"post_tag","embeddable":true,"href":"https:\/\/radadzielnicy.witosa.pl\/index.php?rest_route=%2Fwp%2Fv2%2Ftags&post=1622"}],"curies":[{"name":"wp","href":"https:\/\/api.w.org\/{rel}","templated":true}]}}