{"id":2358,"date":"2022-06-12T07:46:01","date_gmt":"2022-06-12T05:46:01","guid":{"rendered":"https:\/\/radadzielnicy.witosa.pl\/?p=2358"},"modified":"2022-06-14T07:56:10","modified_gmt":"2022-06-14T05:56:10","slug":"7-dni-osiedla-witosa","status":"publish","type":"post","link":"https:\/\/radadzielnicy.witosa.pl\/?p=2358","title":{"rendered":"7. Dni Osiedla Witosa"},"content":{"rendered":"<div class=\"fcbkbttn_buttons_block\" id=\"fcbkbttn_left\"><div class=\"fcbkbttn_like \"><fb:like href=\"https:\/\/radadzielnicy.witosa.pl\/?p=2358\" action=\"like\" colorscheme=\"light\" layout=\"standard\"  width=\"225px\" size=\"small\"><\/fb:like><\/div><div class=\"fb-share-button  \" data-href=\"https:\/\/radadzielnicy.witosa.pl\/?p=2358\" data-type=\"button_count\" data-size=\"small\"><\/div><\/div><p>Juz za nami obchody Dni Witosa.&nbsp; Wydarzenia rozpocze\u0142y si\u0119 w pi\u0105tkowe popo\u0142udnie.&nbsp;Malowanie twarzy i Seans filmowy CoCo przyci\u0105gn\u0105\u0142 mieszka\u0144c\u00f3w a pogoda pomimo niepewno\u015bci dopisa\u0142a.&nbsp;<\/p>\n<p><img loading=\"lazy\" decoding=\"async\" class=\"alignnone wp-image-2402\" src=\"http:\/\/radadzielnicy.witosa.pl\/wp-content\/uploads\/2022\/06\/FB_IMG_1653947516471-300x252.jpg\" alt=\"\" width=\"194\" height=\"163\" srcset=\"https:\/\/radadzielnicy.witosa.pl\/wp-content\/uploads\/2022\/06\/FB_IMG_1653947516471-300x252.jpg 300w, https:\/\/radadzielnicy.witosa.pl\/wp-content\/uploads\/2022\/06\/FB_IMG_1653947516471.jpg 720w\" sizes=\"auto, (max-width: 194px) 100vw, 194px\" \/>&nbsp;<\/p>\n<p>W sobotnie popo\u0142udnie wyst\u0105pili kolejno wg harmonogramu:&nbsp;<\/p>\n<div class=\"kvgmc6g5 cxmmr5t8 oygrvhab hcukyx3x c1et5uql\">15.00-16.00(16:20) \u2013 prezentacje przedszkolak\u00f3w i szko\u0142y<br \/>\n16.00-16.30(16:30-17:00) \u2013 Zesp\u00f3\u0142 KATOSIE<br \/>\n16.30-17.30 (17:10-18:10)- Harcerski Zesp\u00f3\u0142 Artystyczny S\u0141ONECZNI<br \/>\n17.30-18.30 (18:15-19:20)- \u201eSzafa Gra\u201d \u2013 najwi\u0119ksze przeboje lat 70. I 80. w wykonaniu wokalist\u00f3w Studia Piosenki ZSiP nr 2 w Katowicach<br \/>\n18.30-19.30(19:30-20:30) \u2013 zesp\u00f3\u0142 QUANTUM<br \/>\n19.45-21.00(20:40-22:00) \u2013 zesp\u00f3\u0142 LAJK<\/div>\n<div class=\"kvgmc6g5 cxmmr5t8 oygrvhab hcukyx3x c1et5uql\">\n<p>Dodatkowo na placu znajdow\u0142a si\u0119 strefa animacji i atrakcji dla dzieci, strefa gastro, wata cukrowa, popcorn, zakrecona frytka, stoisko z filii biblioteki i inne atrakcje<\/p>\n<\/div>\n<div><img loading=\"lazy\" decoding=\"async\" class=\"alignnone wp-image-2403\" src=\"http:\/\/radadzielnicy.witosa.pl\/wp-content\/uploads\/2022\/06\/7dni-212x300.jpg\" alt=\"\" width=\"175\" height=\"248\" srcset=\"https:\/\/radadzielnicy.witosa.pl\/wp-content\/uploads\/2022\/06\/7dni-212x300.jpg 212w, https:\/\/radadzielnicy.witosa.pl\/wp-content\/uploads\/2022\/06\/7dni-724x1024.jpg 724w, https:\/\/radadzielnicy.witosa.pl\/wp-content\/uploads\/2022\/06\/7dni-768x1086.jpg 768w, https:\/\/radadzielnicy.witosa.pl\/wp-content\/uploads\/2022\/06\/7dni-1086x1536.jpg 1086w, https:\/\/radadzielnicy.witosa.pl\/wp-content\/uploads\/2022\/06\/7dni-1024x1448.jpg 1024w, https:\/\/radadzielnicy.witosa.pl\/wp-content\/uploads\/2022\/06\/7dni.jpg 1200w\" sizes=\"auto, (max-width: 175px) 100vw, 175px\" \/><\/div>\n<div>\n<p>Podzi\u0119kowania dla:<\/p>\n<\/div>\n<div>\n<p><a class=\"oajrlxb2 g5ia77u1 qu0x051f esr5mh6w e9989ue4 r7d6kgcz rq0escxv nhd2j8a9 nc684nl6 p7hjln8o kvgmc6g5 cxmmr5t8 oygrvhab hcukyx3x jb3vyjys rz4wbd8a qt6c0cv9 a8nywdso i1ao9s8h esuyzwwr f1sip0of lzcic4wl gpro0wi8 q66pz984 b1v8xokw\" tabindex=\"0\" role=\"link\" href=\"https:\/\/www.facebook.com\/groups\/244662425571922\/user\/100008714350540\/?__cft__[0]=AZUBvv67fbai8t-4Nv7O9_m8c2ZEHB2TjLuH2THcvwNNPvFcpgrfjqbIsy80I6RGaY4lQoKkh-1GvBf1GTTVnMfSssncBluHxGrE2Vk7YJGJ1RvGWzxNTwaSSRS9Bf7ZdtqHDoD0IVFAFSLuMFUjnJ2IfQy52T9-rV9cIWQ19Q_kNQiobXb7TgbQ4XzNVzfWlfc&amp;__tn__=-]K-R\"><span class=\"nc684nl6\">Portal Nasze Witosa Za\u0142\u0119\u017ce<\/span><\/a><\/p>\n<\/div>\n<div>\n<p><a class=\"oajrlxb2 g5ia77u1 qu0x051f esr5mh6w e9989ue4 r7d6kgcz rq0escxv nhd2j8a9 nc684nl6 p7hjln8o kvgmc6g5 cxmmr5t8 oygrvhab hcukyx3x jb3vyjys rz4wbd8a qt6c0cv9 a8nywdso i1ao9s8h esuyzwwr f1sip0of lzcic4wl gpro0wi8 q66pz984 b1v8xokw\" tabindex=\"0\" role=\"link\" href=\"https:\/\/www.facebook.com\/MBPKatowiceFilia12\/?__cft__[0]=AZXOYoVEzLJOFkzCShigtrQxGJyL8WFichHA32ERVNQB0oGJz8NHeK1vsh2paLe5EsXp8nWqC6SIG1IxiCxGoU5zfOWdgFTPD4DNveo6soKzPU71X9yre8s6YfvSSShAvYgAp2mIsjn0AdvLJt12Uc6jVgGRtSnUdQifd2CPTTgKiO41SX6pKiBwlGdGK9sj8IA&amp;__tn__=kK-R\"><span class=\"nc684nl6\">Filia nr 12 Miejskiej Biblioteki Publicznej w Katowicach<\/span><\/a><\/p>\n<\/div>\n<div>\n<p><a class=\"oajrlxb2 g5ia77u1 qu0x051f esr5mh6w e9989ue4 r7d6kgcz rq0escxv nhd2j8a9 nc684nl6 p7hjln8o kvgmc6g5 cxmmr5t8 oygrvhab hcukyx3x jb3vyjys rz4wbd8a qt6c0cv9 a8nywdso i1ao9s8h esuyzwwr f1sip0of lzcic4wl gpro0wi8 oo9gr5id lrazzd5p\" tabindex=\"0\" role=\"link\" href=\"https:\/\/www.facebook.com\/mdkkoszutka\/?__cft__[0]=AZV6l7YzUAT5L_KJU4HmsvlMyhxAw3bpaqUk5ifwGXX_81oJQqLYUhbqo-w25jQscsyHJwMYzGnL9QOaQsPhpkzK1m0c7Gg80ceH4mJhMOeeT0aNo4Kc-yxE5yfuE-MsZsW30f8c54r-0tBM84dwoQZQc-t8hnJ61b6dXkzDsjUrjWVhz6LMi211TnlMjsKxWFuA5FWVYeLZsESCEfuy1TOb&amp;__tn__=-UC%2CP-R\">Miejski Dom Kultury Koszutka<\/a><\/p>\n<p id=\"jsc_c_2xk\" class=\"gmql0nx0 l94mrbxd p1ri9a11 lzcic4wl aahdfvyu hzawbc8m\"><span class=\"nc684nl6\"><a class=\"oajrlxb2 g5ia77u1 qu0x051f esr5mh6w e9989ue4 r7d6kgcz rq0escxv nhd2j8a9 nc684nl6 p7hjln8o kvgmc6g5 cxmmr5t8 oygrvhab hcukyx3x jb3vyjys rz4wbd8a qt6c0cv9 a8nywdso i1ao9s8h esuyzwwr f1sip0of lzcic4wl gpro0wi8 oo9gr5id lrazzd5p\" tabindex=\"0\" role=\"link\" href=\"https:\/\/www.facebook.com\/alejesmaku\/?__cft__[0]=AZWjd3iz8j7MF5EmsQNoiNJEBnzVpnMxXHX3fESSi4-4B4uIubJebWULjiboRuAYd-_q-xpYRlDcKKCEq_q8FaXla1my7wMP119uMRSCde2z3D6JnvRwrkGXpTXjgZWL5BriiNHW0gK_3RGgzsOYwMljurhwf5wwKR6yRAoEsNTYVepO9417OwJyxcYzhqH2zz4&amp;__tn__=-UC%2CP-R\">Aleje Smaku Katowice<\/a><\/span><\/p>\n<p>&nbsp;<\/p>\n<p>Stoiskom z Wat\u0105 cukrow\u0105 i popkornem, zakreconej frytki, budce z lodami,&nbsp; i wszystkim&nbsp; osobom z obs\u0142ugi technicznej, bez kt\u00f3rych ta impreza by si\u0119 nie uda\u0142a.&nbsp;&nbsp;<\/p>\n<p>Podziekowania r\u00f3wniez dla SM Za\u0142eska Ha\u0142da&nbsp; TBS i lokalnym zarz\u0105dcom budynk\u00f3w za dystrybucje informacji o wydarzeniu oraz lokalnym&nbsp; serwisom <a class=\"oajrlxb2 g5ia77u1 qu0x051f esr5mh6w e9989ue4 r7d6kgcz rq0escxv nhd2j8a9 nc684nl6 p7hjln8o kvgmc6g5 cxmmr5t8 oygrvhab hcukyx3x jb3vyjys rz4wbd8a qt6c0cv9 a8nywdso i1ao9s8h esuyzwwr f1sip0of lzcic4wl gmql0nx0 gpro0wi8 lrazzd5p dkezsu63\" tabindex=\"0\" role=\"link\" href=\"https:\/\/www.facebook.com\/OsiedleWitosaKatowice\/\" aria-label=\"Osiedle Wincentego Witosa\">Osiedle Wincentego Witosa<\/a> ,oraz <a class=\"oajrlxb2 g5ia77u1 qu0x051f esr5mh6w e9989ue4 r7d6kgcz rq0escxv nhd2j8a9 nc684nl6 p7hjln8o kvgmc6g5 cxmmr5t8 oygrvhab hcukyx3x jb3vyjys rz4wbd8a qt6c0cv9 a8nywdso i1ao9s8h esuyzwwr f1sip0of lzcic4wl gmql0nx0 gpro0wi8 lrazzd5p dkezsu63\" tabindex=\"0\" role=\"link\" href=\"https:\/\/www.facebook.com\/jurekcam\/\" aria-label=\"JT OPEN VIDEO\">JT OPEN VIDEO<\/a>,<\/p>\n<\/div>\n<div>&nbsp;<\/div>\n<div class=\"cxmmr5t8 oygrvhab hcukyx3x c1et5uql o9v6fnle\">\n<p>Projekt Dom Kultury na os. Witosa LOOK V: 2022 finansowany w ramach <a class=\"oajrlxb2 g5ia77u1 qu0x051f esr5mh6w e9989ue4 r7d6kgcz rq0escxv nhd2j8a9 nc684nl6 p7hjln8o kvgmc6g5 cxmmr5t8 oygrvhab hcukyx3x jb3vyjys rz4wbd8a qt6c0cv9 a8nywdso i1ao9s8h esuyzwwr f1sip0of lzcic4wl gmql0nx0 gpro0wi8 lrazzd5p dkezsu63\" tabindex=\"0\" role=\"link\" href=\"https:\/\/www.facebook.com\/katobudzet\/\" aria-label=\"Bud\u017cet Obywatelski w Katowicach\">Bud\u017cet Obywatelski w Katowicach<\/a><\/p>\n<\/div>\n<div>Relacja Fotograficzna poni\u017cej:&nbsp;<\/div>\n<div>&nbsp;<\/div>\n<div>ngg_shortcode_0_placeholder<\/div>\n ","protected":false},"excerpt":{"rendered":"<p>Juz za nami obchody Dni Witosa.&nbsp; Wydarzenia rozpocze\u0142y si\u0119 w pi\u0105tkowe popo\u0142udnie.&nbsp;Malowanie twarzy i Seans filmowy CoCo przyci\u0105gn\u0105\u0142 mieszka\u0144c\u00f3w a pogoda pomimo niepewno\u015bci dopisa\u0142a.&nbsp; &nbsp; W sobotnie&hellip;<\/p>\n<p> <a class=\"more-link\" href=\"https:\/\/radadzielnicy.witosa.pl\/?p=2358\">Dowiedz si\u0119 wi\u0119cej<\/a><\/p>\n","protected":false},"author":1,"featured_media":2359,"comment_status":"closed","ping_status":"closed","sticky":false,"template":"","format":"standard","meta":{"ngg_post_thumbnail":0,"footnotes":""},"categories":[5],"tags":[],"class_list":{"0":"post-2358","1":"post","2":"type-post","3":"status-publish","4":"format-standard","5":"has-post-thumbnail","7":"category-komunikaty"},"_links":{"self":[{"href":"https:\/\/radadzielnicy.witosa.pl\/index.php?rest_route=\/wp\/v2\/posts\/2358","targetHints":{"allow":["GET"]}}],"collection":[{"href":"https:\/\/radadzielnicy.witosa.pl\/index.php?rest_route=\/wp\/v2\/posts"}],"about":[{"href":"https:\/\/radadzielnicy.witosa.pl\/index.php?rest_route=\/wp\/v2\/types\/post"}],"author":[{"embeddable":true,"href":"https:\/\/radadzielnicy.witosa.pl\/index.php?rest_route=\/wp\/v2\/users\/1"}],"replies":[{"embeddable":true,"href":"https:\/\/radadzielnicy.witosa.pl\/index.php?rest_route=%2Fwp%2Fv2%2Fcomments&post=2358"}],"version-history":[{"count":2,"href":"https:\/\/radadzielnicy.witosa.pl\/index.php?rest_route=\/wp\/v2\/posts\/2358\/revisions"}],"predecessor-version":[{"id":2405,"href":"https:\/\/radadzielnicy.witosa.pl\/index.php?rest_route=\/wp\/v2\/posts\/2358\/revisions\/2405"}],"wp:featuredmedia":[{"embeddable":true,"href":"https:\/\/radadzielnicy.witosa.pl\/index.php?rest_route=\/wp\/v2\/media\/2359"}],"wp:attachment":[{"href":"https:\/\/radadzielnicy.witosa.pl\/index.php?rest_route=%2Fwp%2Fv2%2Fmedia&parent=2358"}],"wp:term":[{"taxonomy":"category","embeddable":true,"href":"https:\/\/radadzielnicy.witosa.pl\/index.php?rest_route=%2Fwp%2Fv2%2Fcategories&post=2358"},{"taxonomy":"post_tag","embeddable":true,"href":"https:\/\/radadzielnicy.witosa.pl\/index.php?rest_route=%2Fwp%2Fv2%2Ftags&post=2358"}],"curies":[{"name":"wp","href":"https:\/\/api.w.org\/{rel}","templated":true}]}}