{"id":2439,"date":"2022-08-28T12:54:14","date_gmt":"2022-08-28T10:54:14","guid":{"rendered":"https:\/\/radadzielnicy.witosa.pl\/?p=2439"},"modified":"2022-08-28T13:22:49","modified_gmt":"2022-08-28T11:22:49","slug":"od-piatku-znamy-juz-wszystkie-projekty-dotyczace-naszego-osiedla","status":"publish","type":"post","link":"https:\/\/radadzielnicy.witosa.pl\/?p=2439","title":{"rendered":"Od pi\u0105tku znamy ju\u017c wszystkie projekty dotyczace naszego Osiedla"},"content":{"rendered":"<div class=\"fcbkbttn_buttons_block\" id=\"fcbkbttn_left\"><div class=\"fcbkbttn_like \"><fb:like href=\"https:\/\/radadzielnicy.witosa.pl\/?p=2439\" action=\"like\" colorscheme=\"light\" layout=\"standard\"  width=\"225px\" size=\"small\"><\/fb:like><\/div><div class=\"fb-share-button  \" data-href=\"https:\/\/radadzielnicy.witosa.pl\/?p=2439\" data-type=\"button_count\" data-size=\"small\"><\/div><\/div><p>&nbsp;<\/p>\n<h3>Poni\u017cej&nbsp; zestawiamy w tabeli wszystkie projekty kt\u00f3re zakfalifikowa\u0142y si\u0119 do g\u0142osowania w tegorocznym Bud\u017cecie Obywatelskim. Dla naszej dzielnicy&nbsp; mamy do rozdysponowania w tym roku a\u017c 569 670 z\u0142 .&nbsp;<\/h3>\n<p>&nbsp;<\/p>\n<p>&nbsp;<\/p>\n<table width=\"1464\" cellspacing=\"0\">\n<tbody>\n<tr>\n<td align=\"left\" valign=\"bottom\">\n<p class=\"Normalny\"><b><span style=\"color: #434445; font-size: 11.0pt; font-family: 'Roboto Condensed'; font-weight: bold;\">Tytu\u0142<\/span> <\/b><\/p>\n<\/td>\n<td align=\"left\" valign=\"bottom\">\n<p class=\"Normalny\"><b><span style=\"color: #434445; font-size: 11.0pt; font-family: 'Roboto Condensed'; font-weight: bold;\">numer ID:<\/span> <\/b><\/p>\n<\/td>\n<td align=\"left\" valign=\"bottom\">\n<p class=\"Normalny\"><b><span style=\"color: #434445; font-size: 11.0pt; font-family: 'Roboto Condensed'; font-weight: bold;\">Koszt szacunkowy:<\/span> <\/b><\/p>\n<\/td>\n<td align=\"left\" valign=\"bottom\">\n<p class=\"Normalny\"><b><span style=\"color: #434445; font-size: 11.0pt; font-family: 'Roboto Condensed'; font-weight: bold;\">Wnioskodawca:<\/span> <\/b><\/p>\n<\/td>\n<td align=\"left\" valign=\"bottom\">\n<p class=\"Normalny\"><b><span style=\"color: #434445; font-size: 11.0pt; font-family: 'Roboto Condensed'; font-weight: bold;\">Opis zadania:<\/span> <\/b><\/p>\n<\/td>\n<\/tr>\n<tr>\n<td align=\"left\" valign=\"bottom\">\n<p class=\"Normalny\"><span style=\"font-size: 11.0pt; font-family: 'Calibri';\">1. Zielony Osiedlowy Odpoczynek &#8211; czyli relaks przy &#8222;ABeCaku&#8221; na skwerze Inki <\/span><\/p>\n<\/td>\n<td align=\"left\" valign=\"bottom\">\n<p class=\"Normalny\"><span style=\"font-size: 11.0pt; font-family: 'Calibri';\"> L8\/01\/IX<\/span><\/p>\n<\/td>\n<td align=\"right\" valign=\"bottom\">\n<p class=\"Normalny\" style=\"text-align: right;\" align=\"right\"><span style=\"font-size: 11.0pt; font-family: 'Calibri';\">257&nbsp;760 z\u0142<\/span><\/p>\n<\/td>\n<td align=\"left\" valign=\"bottom\">\n<p class=\"Normalny\"><span style=\"font-size: 11.0pt; font-family: 'Calibri';\"> Robert Czerner<\/span><\/p>\n<\/td>\n<td align=\"left\" valign=\"bottom\">\n<p class=\"Normalny\"><a href=\"https:\/\/bo.katowice.eu\/Projekty\/Strony\/Zielony-Osiedlowy-Odpoczynek---czyli-relaks-przy-ABeCaku-na-skwerze-Inki.aspx\"><span style=\"font-size: 11.0pt; font-family: 'Calibri';\">Zadanie ma na celu rewitalizacj\u0119 placu pomi\u0119dzy pawilonem spo\u017cywczym, przedszkolem i ulic\u0105 Mo\u015bcickiego. Projekt zak\u0142ada wybudowanie chodnik\u00f3w w miejscu wydeptanych \u015bcie\u017cek, doposa\u017cenie placu w dwie du\u017ce hu\u015btawki wahad\u0142owe tzw. plac zabaw dla doros\u0142ych, budow\u0119 boiska \u017cwirowego do gry w bule, doposa\u017cenie placu w \u0142awki i kosze na \u015bmieci i skweru w drobne elementy \u015bcie\u017cki zdrowia.<\/span><\/a><\/p>\n<\/td>\n<\/tr>\n<tr>\n<td align=\"left\" valign=\"bottom\">\n<p class=\"Normalny\"><span style=\"font-size: 11.0pt; font-family: 'Calibri';\">2. B\u0105d\u017a przyjacielem ksi\u0105\u017cek i kultury <\/span><\/p>\n<\/td>\n<td align=\"left\" valign=\"bottom\">\n<p class=\"Normalny\"><span style=\"font-size: 11.0pt; font-family: 'Calibri';\"> L8\/02\/IX<\/span><\/p>\n<\/td>\n<td align=\"right\" valign=\"bottom\">\n<p class=\"Normalny\" style=\"text-align: right;\" align=\"right\"><span style=\"font-size: 11.0pt; font-family: 'Calibri';\">15&nbsp;000 z\u0142<\/span><\/p>\n<\/td>\n<td align=\"left\" valign=\"bottom\">\n<p class=\"Normalny\"><span style=\"font-size: 11.0pt; font-family: 'Calibri';\"> Bo\u017cena Wieczorek<\/span><\/p>\n<\/td>\n<td align=\"left\" valign=\"bottom\">\n<p class=\"Normalny\"><a href=\"https:\/\/bo.katowice.eu\/Projekty\/Strony\/B%C4%85d%C5%BA-przyjacielem-ksi%C4%85%C5%BCek-i-kultury.aspx\"><span style=\"font-size: 11.0pt; font-family: 'Calibri';\"> Zakup nowo\u015bci ksi\u0105\u017ckowych, audiobook\u00f3w i gier na X-BOX dla biblioteki &#8211; Filia nr 12. Miejskiej Biblioteki Publicznej w Katowicach, osiedle Witosa<\/span><\/a><\/p>\n<\/td>\n<\/tr>\n<tr>\n<td align=\"left\" valign=\"bottom\">\n<p class=\"Normalny\"><span style=\"color: #9c5700; font-size: 11.0pt; font-family: 'Calibri';\">3. Modernizacja boiska wielofunkcyjnego oraz kortu tenisowego przy ul. Grabskiego poprzez monta\u017c o\u015bwietlenia, napraw\u0119 ogrodzenia i renowacj\u0119 nawierzchni <\/span><\/p>\n<\/td>\n<td align=\"left\" valign=\"bottom\">\n<p class=\"Normalny\"><span style=\"color: #9c5700; font-size: 11.0pt; font-family: 'Calibri';\"> L8\/03\/IX<\/span><\/p>\n<\/td>\n<td align=\"right\" valign=\"bottom\">\n<p class=\"Normalny\" style=\"text-align: right;\" align=\"right\"><span style=\"color: #9c5700; font-size: 11.0pt; font-family: 'Calibri';\">340&nbsp;000 z\u0142<\/span><\/p>\n<\/td>\n<td align=\"left\" valign=\"bottom\">\n<p class=\"Normalny\"><span style=\"color: #9c5700; font-size: 11.0pt; font-family: 'Calibri';\"> \u0141ukasz Jurczyk<\/span><\/p>\n<\/td>\n<td align=\"left\" valign=\"bottom\">\n<p class=\"Normalny\"><span style=\"color: #9c5700; font-size: 11.0pt; font-family: 'Calibri';\"> \u200b<a href=\"https:\/\/bo.katowice.eu\/Projekty\/Strony\/Modernizacja-boiska-wielofunkcyjnego-oraz-kortu-tenisowego-przy-ul.-Grabskiego-poprzez-monta%C5%BC-o%C5%9Bwietlenia,-napraw%C4%99-ogrodzen.aspx\">Zadanie obejmuj\u0105ce monta\u017c o\u015bwietlenia, napraw\u0119 ogrodzenia wraz z wymian\u0105 bram wej\u015bciowych oraz renowacj\u0119 metod\u0105 natryskow\u0105 nawierzchni poliuretanowej obiektu sportowego przy ul. Grabskiego w Katowicach. Ten og\u00f3lnodost\u0119pny obiekt sk\u0142ada si\u0119 z boiska wielofunkcyjnego oraz kortu tenisowego.<\/a><\/span><\/p>\n<\/td>\n<\/tr>\n<tr>\n<td align=\"left\" valign=\"bottom\">\n<p class=\"Normalny\"><span style=\"color: #9c5700; font-size: 11.0pt; font-family: 'Calibri';\">5. Robotyka dla smyka &#8211; Przedszkolaki przysz\u0142o\u015bci<\/span><\/p>\n<\/td>\n<td align=\"left\" valign=\"bottom\">\n<p class=\"Normalny\"><span style=\"color: #9c5700; font-size: 11.0pt; font-family: 'Calibri';\"> L8\/05\/IX<\/span><\/p>\n<\/td>\n<td align=\"right\" valign=\"bottom\">\n<p class=\"Normalny\" style=\"text-align: right;\" align=\"right\"><span style=\"color: #9c5700; font-size: 11.0pt; font-family: 'Calibri';\">14&nbsp;400 z\u0142<\/span><\/p>\n<\/td>\n<td align=\"left\" valign=\"bottom\">\n<p class=\"Normalny\"><span style=\"color: #9c5700; font-size: 11.0pt; font-family: 'Calibri';\"> Iwona Rzeszut<\/span><\/p>\n<\/td>\n<td align=\"left\" valign=\"bottom\">\n<p class=\"Normalny\"><a href=\"https:\/\/bo.katowice.eu\/Projekty\/Strony\/Robotyka-dla-smyka---Przedszkolaki-przysz%C5%82o%C5%9Bci.aspx\"><span style=\"color: #9c5700; font-size: 11.0pt; font-family: 'Calibri';\"> \u200b&#8221;Robotyka dla smyka &#8211; Przedszkolaki przysz\u0142o\u015bci&#8221;, to projekt w ramach BO Katowice, bezp\u0142atnych warsztat\u00f3w dla dzieci z Miejskiego Przedszkola nr 13 w Katowicach. Wykorzystuj\u0105c naturaln\u0105 dzieci\u0119c\u0105 ciekawo\u015b\u0107, warsztaty te ucz\u0105 logicznego my\u015blenia i wyci\u0105gania wniosk\u00f3w od najm\u0142odszych lat.<\/span><\/a><\/p>\n<\/td>\n<\/tr>\n<tr>\n<td align=\"left\" valign=\"bottom\">\n<p class=\"Normalny\"><span style=\"color: #9c5700; font-size: 11.0pt; font-family: 'Calibri';\">6. Nowoczesne przedszkola na Osiedlu Witosa <\/span><\/p>\n<\/td>\n<td align=\"left\" valign=\"bottom\">\n<p class=\"Normalny\"><span style=\"color: #9c5700; font-size: 11.0pt; font-family: 'Calibri';\"> L8\/06\/IX<\/span><\/p>\n<\/td>\n<td align=\"right\" valign=\"bottom\">\n<p class=\"Normalny\" style=\"text-align: right;\" align=\"right\"><span style=\"color: #9c5700; font-size: 11.0pt; font-family: 'Calibri';\">160&nbsp;000 z\u0142<\/span><\/p>\n<\/td>\n<td align=\"left\" valign=\"bottom\">\n<p class=\"Normalny\"><span style=\"color: #9c5700; font-size: 11.0pt; font-family: 'Calibri';\"> Katarzyna Mi\u0142kowska<\/span><\/p>\n<\/td>\n<td align=\"left\" valign=\"bottom\">\n<p class=\"Normalny\"><a href=\"https:\/\/bo.katowice.eu\/Projekty\/Strony\/Nowoczesne-przedszkola-na-Osiedlu-Witosa.aspx\"><span style=\"color: #9c5700; font-size: 11.0pt; font-family: 'Calibri';\"> Wyposa\u017cenie sal zaj\u0119\u0107 grup przedszkolak\u00f3w w monitory interaktywne, maty i dywany, pomoce dydaktyczne do nauki kodowania, odkodowywania i programowania oraz meble do przechowywania wy\u017cej wymienionego wyposa\u017cenia.<\/span><\/a><\/p>\n<\/td>\n<\/tr>\n<tr>\n<td align=\"left\" valign=\"bottom\">\n<p class=\"Normalny\"><span style=\"font-size: 11.0pt; font-family: 'Calibri';\">7. Poprawa bezpiecze\u0144stwa na przej\u015bciach dla pieszych na os. Witosa <\/span><\/p>\n<\/td>\n<td align=\"left\" valign=\"bottom\">\n<p class=\"Normalny\"><span style=\"font-size: 11.0pt; font-family: 'Calibri';\"> L8\/07\/IX<\/span><\/p>\n<\/td>\n<td align=\"right\" valign=\"bottom\">\n<p class=\"Normalny\" style=\"text-align: right;\" align=\"right\"><span style=\"font-size: 11.0pt; font-family: 'Calibri';\">66&nbsp;000 z\u0142<\/span><\/p>\n<\/td>\n<td align=\"left\" valign=\"bottom\">\n<p class=\"Normalny\"><span style=\"font-size: 11.0pt; font-family: 'Calibri';\"> Adam Wi\u015bniecki<\/span><\/p>\n<\/td>\n<td align=\"left\" valign=\"bottom\">\n<p class=\"Normalny\"><a href=\"https:\/\/bo.katowice.eu\/Projekty\/Strony\/Poprawa-bezpiecze%C5%84stwa-na-przej%C5%9Bciach-dla-pieszych-na-os.-Witosa.aspx\"><span style=\"font-size: 11.0pt; font-family: 'Calibri';\"> Poprawa bezpiecze\u0144stwa na przej\u015bciach dla pieszych przez m.in. monta\u017c dodatkowego o\u015bwietlenia w miejscach: 1. skrzy\u017cowanie ulic Witosa oraz Obroki 2. skrzy\u017cowanie ulic Witosa oraz Ossowskiego 3. ulica Rataja przy &#8222;Biedronce&#8221;<\/span><\/a><\/p>\n<\/td>\n<\/tr>\n<tr>\n<td align=\"left\" valign=\"bottom\">\n<p class=\"Normalny\"><span style=\"color: #9c5700; font-size: 11.0pt; font-family: 'Calibri';\">8. Renowacja i remont nawierzchni og\u00f3lnodost\u0119pnych boisk przy Szkole Podstawowej nr 33 z Oddzia\u0142ami Dwuj\u0119zycznymi im. Stanis\u0142awa Ligonia w Katowicach, Osiedle Witosa <\/span><\/p>\n<\/td>\n<td align=\"left\" valign=\"bottom\">\n<p class=\"Normalny\"><span style=\"color: #9c5700; font-size: 11.0pt; font-family: 'Calibri';\"> L8\/08\/IX<\/span><\/p>\n<\/td>\n<td align=\"right\" valign=\"bottom\">\n<p class=\"Normalny\" style=\"text-align: right;\" align=\"right\"><span style=\"color: #9c5700; font-size: 11.0pt; font-family: 'Calibri';\">341&nbsp;800 z\u0142<\/span><\/p>\n<\/td>\n<td align=\"left\" valign=\"bottom\">\n<p class=\"Normalny\"><span style=\"color: #9c5700; font-size: 11.0pt; font-family: 'Calibri';\"> Piotr Zwoli\u0144ski<\/span><\/p>\n<\/td>\n<td align=\"left\" valign=\"bottom\">\n<p class=\"Normalny\"><a href=\"https:\/\/bo.katowice.eu\/Projekty\/Strony\/Renowacja-i-remont-nawierzchni-og%C3%B3lnodost%C4%99pnych-boisk-przy-Szkole-Podstawowej-nr-33-z-Oddzia%C5%82ami-Dwuj%C4%99zycznymi-im.-Stanis%C5%82a.aspx\"><span style=\"color: #9c5700; font-size: 11.0pt; font-family: 'Calibri';\"> W ramach zadania zostanie wykonana renowacja bie\u017cni i wymiana nawierzchni na og\u00f3lnodostepnych boiskach do koszyk\u00f3wki przy Szkole Podstawowej nr 33. Aby mo\u017cna dalej eksploatowa\u0107 boiska nale\u017cy wykona\u0107 napraw\u0119 i renowacj\u0119 w niezb\u0119dnym zakresie: 1. Naprawa i renowacja nawierzchni bie\u017cni i zeskoczni wraz z malowaniem pas\u00f3w. 2. Rozebranie nawierzchni EPDM i SBR na boiskach do koszyk\u00f3wki. 3 Wyw\u00f3z i utylizacja materia\u0142\u00f3w z rozbi\u00f3rki 29,7 m3.4. Uzupe\u0142nienie podbudowy mineralnej 1188 ,2.<\/span><\/a><\/p>\n<\/td>\n<\/tr>\n<tr>\n<td align=\"left\" valign=\"bottom\">\n<p class=\"Normalny\"><span style=\"font-size: 11.0pt; font-family: 'Calibri';\">9. Dom Kultury na Witosa. LOOK VI (2023) <\/span><\/p>\n<\/td>\n<td align=\"left\" valign=\"bottom\">\n<p class=\"Normalny\"><span style=\"font-size: 11.0pt; font-family: 'Calibri';\"> L8\/09\/IX<\/span><\/p>\n<\/td>\n<td align=\"right\" valign=\"bottom\">\n<p class=\"Normalny\" style=\"text-align: right;\" align=\"right\"><span style=\"font-size: 11.0pt; font-family: 'Calibri';\">212&nbsp;000 z\u0142<\/span><\/p>\n<\/td>\n<td align=\"left\" valign=\"bottom\">\n<p class=\"Normalny\"><span style=\"font-size: 11.0pt; font-family: 'Calibri';\"> Krzysztof Kraus<\/span><\/p>\n<\/td>\n<td align=\"left\" valign=\"bottom\">\n<p class=\"Normalny\"><a href=\"https:\/\/bo.katowice.eu\/Projekty\/Strony\/Dom-Kultury-na-Witosa.-LOOK-VI-(2023).aspx\"><span style=\"font-size: 11.0pt; font-family: 'Calibri';\"> Dom Kultury na Witosa. LOOK VI (2023) to kompleksowy projekt zapewniaj\u0105cy ca\u0142oroczn\u0105, og\u00f3lnodost\u0119pn\u0105 ofert\u0119 kulturaln\u0105 w naszej dzielnicy: dla m\u0142odszych i starszych, dla rodzin, dla pasjonat\u00f3w kultury wysokiej i mi\u0142o\u015bnik\u00f3w rozrywki. To bogaty repertuar dzia\u0142a\u0144 integruj\u0105cych, kulturotw\u00f3rczych i spo\u0142ecznych &#8211; pota\u0144c\u00f3wek, pokaz\u00f3w kina plenerowego, warsztat\u00f3w, zaj\u0119\u0107 z artystami, spotka\u0144 z teatrem, muzyk\u0105 i sztukami wszelakimi. Czekaj\u0105c na nasz murowany dom kultury, chcemy dost\u0119pu do kultury i rozrywki w miejscu, w kt\u00f3rym na co dzie\u0144 mieszkamy.<\/span><\/a><\/p>\n<\/td>\n<\/tr>\n<tr>\n<td align=\"left\" valign=\"bottom\">\n<p class=\"Normalny\"><span style=\"font-size: 11.0pt; font-family: 'Calibri';\">10. Modernizacja i doposa\u017cenie placu zabaw na pl. Pileckiego na Os. Witosa <\/span><\/p>\n<\/td>\n<td align=\"left\" valign=\"bottom\">\n<p class=\"Normalny\"><span style=\"font-size: 11.0pt; font-family: 'Calibri';\"> L8\/10\/IX<\/span><\/p>\n<\/td>\n<td align=\"right\" valign=\"bottom\">\n<p class=\"Normalny\" style=\"text-align: right;\" align=\"right\"><span style=\"font-size: 11.0pt; font-family: 'Calibri';\">180&nbsp;000 z\u0142<\/span><\/p>\n<\/td>\n<td align=\"left\" valign=\"bottom\">\n<p class=\"Normalny\"><span style=\"font-size: 11.0pt; font-family: 'Calibri';\"> Joanna Ba\u0142ys-Paduch<\/span><\/p>\n<\/td>\n<td align=\"left\" valign=\"bottom\">\n<p class=\"Normalny\"><a href=\"https:\/\/bo.katowice.eu\/Projekty\/Strony\/Modernizacja-i-doposa%C5%BCenie-placu-zabaw-na-pl.-Pileckiego-na-Os.-Witosa.aspx\"><span style=\"font-size: 11.0pt; font-family: 'Calibri';\"> \u200bZakres projektu obejmuje:<br \/>\nprzygotowanie terenu pod inwestycj\u0119,<br \/>\numieszczenie element\u00f3w muzycznych na terenie placu zabaw<br \/>\ndostosowanie \u015bcie\u017cek do potrzeb os\u00f3b niepe\u0142nosprawnych<br \/>\nuzupe\u0142nienie istniej\u0105cej ma\u0142ej architektury<br \/>\nzaprojektowanie zieleni i piel\u0119gnacj\u0119 istniej\u0105cej ro\u015blinno\u015bci<\/span><\/a><\/p>\n<\/td>\n<\/tr>\n<tr>\n<td align=\"left\" valign=\"bottom\">\n<p class=\"Normalny\"><span style=\"color: #9c5700; font-size: 11.0pt; font-family: 'Calibri';\">11. Zakup defibrylatora na p\u0142ywalni\u0119 przy Szkole Podstawowej nr 33 z Oddzia\u0142ami Dwuj\u0119zycznymi w Katowicach <\/span><\/p>\n<\/td>\n<td align=\"left\" valign=\"bottom\">\n<p class=\"Normalny\"><span style=\"color: #9c5700; font-size: 11.0pt; font-family: 'Calibri';\"> L8\/11\/IX<\/span><\/p>\n<\/td>\n<td align=\"right\" valign=\"bottom\">\n<p class=\"Normalny\" style=\"text-align: right;\" align=\"right\"><span style=\"color: #9c5700; font-size: 11.0pt; font-family: 'Calibri';\">7&nbsp;307 z\u0142<\/span><\/p>\n<\/td>\n<td align=\"left\" valign=\"bottom\">\n<p class=\"Normalny\"><span style=\"color: #9c5700; font-size: 11.0pt; font-family: 'Calibri';\"> \u0141ukasz Kolada<\/span><\/p>\n<\/td>\n<td align=\"left\" valign=\"bottom\">\n<p class=\"Normalny\"><a href=\"https:\/\/bo.katowice.eu\/Projekty\/Strony\/Zakup-defibrylatora-na-p%C5%82ywalni%C4%99-przy-Szkole-Podstawowej-nr-33-z-Odzia%C5%82ami-Dwuj%C4%99zycznymi-w-Katowicach.aspx\"><span style=\"color: #9c5700; font-size: 11.0pt; font-family: 'Calibri';\"> \u200bW ramach realizacji zadania przewiduje si\u0119 zakup defibrylatora AED na p\u0142ywalni\u0119 przy Szkole Podstawowej nr 33. Na wi\u0119kszo\u015bci p\u0142ywalni defibrylator to standard wyposa\u017cenia medycznego<\/span><\/a><\/p>\n<\/td>\n<\/tr>\n<tr>\n<td align=\"left\" valign=\"bottom\">\n<p class=\"Normalny\"><span style=\"font-size: 11.0pt; font-family: 'Calibri';\">12. #ROWEROWE KATOWICE &#8211; Droga rowerowa wzd\u0142u\u017c ul. Koch\u0142owickiej. Odcinek od ul. Witosa w kierunku ul. Boche\u0144skiego <\/span><\/p>\n<\/td>\n<td align=\"left\" valign=\"bottom\">\n<p class=\"Normalny\"><span style=\"font-size: 11.0pt; font-family: 'Calibri';\"> L8\/12\/IX<\/span><\/p>\n<\/td>\n<td align=\"right\" valign=\"bottom\">\n<p class=\"Normalny\" style=\"text-align: right;\" align=\"right\"><span style=\"font-size: 11.0pt; font-family: 'Calibri';\">273&nbsp;504 z\u0142<\/span><\/p>\n<\/td>\n<td align=\"left\" valign=\"bottom\">\n<p class=\"Normalny\"><span style=\"font-size: 11.0pt; font-family: 'Calibri';\"> Piotr Kornasiewicz<\/span><\/p>\n<\/td>\n<td align=\"left\" valign=\"bottom\">\n<p class=\"Normalny\"><a href=\"https:\/\/bo.katowice.eu\/Projekty\/Strony\/ROWEROWE-KATOWICE---Droga-rowerowa-wzd%C5%82u%C5%BC-ul.-Koch%C5%82owickiej---etap-II.-.aspx\"><span style=\"font-size: 11.0pt; font-family: 'Calibri';\"> Zosta\u0142a ju\u017c wybrana do realizacji budowa drogi rowerowej od ul. Barlickiego do ul. Witosa. Drugi etap to budowa dw\u00f3ch odcink\u00f3w asfaltowej drogi dla rower\u00f3w wzd\u0142u\u017c ul. Koch\u0142owickiej (razem 280m): 1. Od ul. Witosa do ul. Chodnikowej (ok. 180m) 2. Od ul. Chodnikowej przez ul. Kolo\u0144sk\u0105 do ul. \u015acianowej (ok. 100m) Rowerzy\u015bci ul. Chodnikow\u0105 oraz ul. \u015acianow\u0105 przejad\u0105 w ruchu og\u00f3lnym z uwagi na marginalny ruch samochodowy. W efekcie mo\u017cliwy b\u0119dzie bezpieczny i wygodny dojazd a\u017c do ul. Boche\u0144skiego. W miar\u0119 mo\u017cliwo\u015bci prosz\u0119 o sp\u00f3jne i bezpieczne po\u0142\u0105czenie wnioskowanej drogi z drog\u0105 wybran\u0105 do realizacji w poprzedniej edycji BO.<\/span><\/a><\/p>\n<\/td>\n<\/tr>\n<tr>\n<td align=\"left\" valign=\"bottom\">\n<p class=\"Normalny\"><span style=\"font-size: 11.0pt; font-family: 'Calibri';\">13. Monta\u017c 2 \u0142awek na przystanku autobusowym &#8222;Obroki &#8211; Elkop&#8221; <\/span><\/p>\n<\/td>\n<td align=\"left\" valign=\"bottom\">\n<p class=\"Normalny\"><span style=\"font-size: 11.0pt; font-family: 'Calibri';\"> L8\/13\/IX<\/span><\/p>\n<\/td>\n<td align=\"right\" valign=\"bottom\">\n<p class=\"Normalny\" style=\"text-align: right;\" align=\"right\"><span style=\"font-size: 11.0pt; font-family: 'Calibri';\">25&nbsp;080 z\u0142<\/span><\/p>\n<\/td>\n<td align=\"left\" valign=\"bottom\">\n<p class=\"Normalny\"><span style=\"font-size: 11.0pt; font-family: 'Calibri';\"> Beata Anders<\/span><\/p>\n<\/td>\n<td align=\"left\" valign=\"bottom\">\n<p class=\"Normalny\"><span style=\"font-size: 11.0pt; font-family: 'Calibri';\"> \u200b<a href=\"https:\/\/bo.katowice.eu\/Projekty\/Strony\/Monta%C5%BC-2-%C5%82awek-na-przystanku-autobusowym-Obroki---Elkop.aspx\">Ustawienie dw\u00f3ch \u0142awek z oparciem na przystanku autobusowym &#8222;Obroki Elkop&#8221; u\u0142atwi mieszka\u0144com Os. Witosa oczekiwanie na przyjazd autobus\u00f3w linii 70, 115, 165. Wielu dzia\u0142kowicz\u00f3w, g\u0142\u00f3wnie emeryt\u00f3w, rencist\u00f3w, os\u00f3b starszych, niepe\u0142nosprawnych, jak i pracownik\u00f3w z pobliskich zak\u0142ad\u00f3w pracy &#8211; czeka na przystanku, chc\u0105c przemie\u015bci\u0107 si\u0119 komunikacj\u0105 miejsk\u0105 w kierunku Katowic. Monta\u017c \u0142awek na przystanku sprawi, \u017ce te osoby poczuj\u0105 odrobin\u0119 komfortu i wygody<\/a><\/span><\/p>\n<\/td>\n<\/tr>\n<\/tbody>\n<\/table>\n<p>&nbsp;<\/p>\n<h2>W puli&nbsp; projekt\u00f3w og\u00f3lnomiejskich, zg\u0142osili\u015bmy projekt maj\u0105cy na&nbsp; uwadze zg\u0142oszenia mieszka\u0144c\u00f3w i okolicznych s\u0105siednich dzielnic maj\u0105ce na celu popraw\u0119 bezpiecze\u0144stwa w okolicy poprzez rozbudow\u0119 systemu kamer miejskich obejmuj\u0105cy r\u00f3wnie\u017c Osiedle Witosa<br \/>\n&nbsp;<br \/>\nM\/02\/IX&nbsp; &nbsp;szczeg\u00f3\u0142y projektu:&nbsp;<\/h2>\n<h1 class=\"projekttyt\"><a href=\"https:\/\/bo.katowice.eu\/Projekty\/Strony\/BezpieczneDzielnice---Witosa,-Za%C5%82%C4%99%C5%BCe-i-Tysi%C4%85clecie.-Rozbudowa-monitoringu-miejskiego-i-do%C5%9Bwietlenie-przej%C5%9B%C4%87-dla-pieszych.aspx\">#BezpieczneDzielnice: Witosa, Za\u0142\u0119\u017ce i Tysi\u0105clecie. Rozbudowa monitoringu miejskiego i do\u015bwietlenie przej\u015b\u0107 dla pieszych dla zwi\u0119kszenia naszego wsp\u00f3lnego bezpiecze\u0144stwa<\/a><\/h1>\n<p class=\"projektnumer\">&nbsp;<\/p>\n<p>&nbsp;<\/p>\n<p>&nbsp;<\/p>\n<p>&nbsp;<\/p>\n<p>&nbsp;<\/p>\n ","protected":false},"excerpt":{"rendered":"<p>&nbsp; Poni\u017cej&nbsp; zestawiamy w tabeli wszystkie projekty kt\u00f3re zakfalifikowa\u0142y si\u0119 do g\u0142osowania w tegorocznym Bud\u017cecie Obywatelskim. Dla naszej dzielnicy&nbsp; mamy do rozdysponowania w tym roku a\u017c 569&hellip;<\/p>\n<p> <a class=\"more-link\" href=\"https:\/\/radadzielnicy.witosa.pl\/?p=2439\">Dowiedz si\u0119 wi\u0119cej<\/a><\/p>\n","protected":false},"author":1,"featured_media":2443,"comment_status":"closed","ping_status":"closed","sticky":false,"template":"","format":"standard","meta":{"ngg_post_thumbnail":0,"footnotes":""},"categories":[10],"tags":[],"class_list":{"0":"post-2439","1":"post","2":"type-post","3":"status-publish","4":"format-standard","5":"has-post-thumbnail","7":"category-ogloszenia"},"_links":{"self":[{"href":"https:\/\/radadzielnicy.witosa.pl\/index.php?rest_route=\/wp\/v2\/posts\/2439","targetHints":{"allow":["GET"]}}],"collection":[{"href":"https:\/\/radadzielnicy.witosa.pl\/index.php?rest_route=\/wp\/v2\/posts"}],"about":[{"href":"https:\/\/radadzielnicy.witosa.pl\/index.php?rest_route=\/wp\/v2\/types\/post"}],"author":[{"embeddable":true,"href":"https:\/\/radadzielnicy.witosa.pl\/index.php?rest_route=\/wp\/v2\/users\/1"}],"replies":[{"embeddable":true,"href":"https:\/\/radadzielnicy.witosa.pl\/index.php?rest_route=%2Fwp%2Fv2%2Fcomments&post=2439"}],"version-history":[{"count":4,"href":"https:\/\/radadzielnicy.witosa.pl\/index.php?rest_route=\/wp\/v2\/posts\/2439\/revisions"}],"predecessor-version":[{"id":2444,"href":"https:\/\/radadzielnicy.witosa.pl\/index.php?rest_route=\/wp\/v2\/posts\/2439\/revisions\/2444"}],"wp:featuredmedia":[{"embeddable":true,"href":"https:\/\/radadzielnicy.witosa.pl\/index.php?rest_route=\/wp\/v2\/media\/2443"}],"wp:attachment":[{"href":"https:\/\/radadzielnicy.witosa.pl\/index.php?rest_route=%2Fwp%2Fv2%2Fmedia&parent=2439"}],"wp:term":[{"taxonomy":"category","embeddable":true,"href":"https:\/\/radadzielnicy.witosa.pl\/index.php?rest_route=%2Fwp%2Fv2%2Fcategories&post=2439"},{"taxonomy":"post_tag","embeddable":true,"href":"https:\/\/radadzielnicy.witosa.pl\/index.php?rest_route=%2Fwp%2Fv2%2Ftags&post=2439"}],"curies":[{"name":"wp","href":"https:\/\/api.w.org\/{rel}","templated":true}]}}