{"id":2455,"date":"2022-09-01T13:27:52","date_gmt":"2022-09-01T11:27:52","guid":{"rendered":"https:\/\/radadzielnicy.witosa.pl\/?p=2455"},"modified":"2022-09-01T13:28:16","modified_gmt":"2022-09-01T11:28:16","slug":"nowe-terminy-projekcji-letniego-kina-osiedlowego","status":"publish","type":"post","link":"https:\/\/radadzielnicy.witosa.pl\/?p=2455","title":{"rendered":"NOWE TERMINY Projekcji Letniego Kina Osiedlowego"},"content":{"rendered":"<div class=\"fcbkbttn_buttons_block\" id=\"fcbkbttn_left\"><div class=\"fcbkbttn_like \"><fb:like href=\"https:\/\/radadzielnicy.witosa.pl\/?p=2455\" action=\"like\" colorscheme=\"light\" layout=\"standard\"  width=\"225px\" size=\"small\"><\/fb:like><\/div><div class=\"fb-share-button  \" data-href=\"https:\/\/radadzielnicy.witosa.pl\/?p=2455\" data-type=\"button_count\" data-size=\"small\"><\/div><\/div><p>Otrzymali\u015bmy informacj\u0119, \u017ce projekcje seans\u00f3w kt\u00f3re z powodu deszczowej pogody si\u0119 nie odby\u0142y<br \/>\nzostan\u0105 zrealizowane w najbli\u017cszy weekend.&nbsp;<\/p>\n<p>W piatek, sobot\u0119 i niedziel\u0119 &#8230;&nbsp;<\/p>\n<p>&nbsp;<\/p>\n<p>ZAPRASZAMY&nbsp;<\/p>\n<p><img loading=\"lazy\" decoding=\"async\" class=\"alignnone wp-image-2454 size-full\" src=\"http:\/\/radadzielnicy.witosa.pl\/wp-content\/uploads\/2022\/09\/Plakat_nowe_terminy.jpg\" alt=\"\" width=\"740\" height=\"841\" srcset=\"https:\/\/radadzielnicy.witosa.pl\/wp-content\/uploads\/2022\/09\/Plakat_nowe_terminy.jpg 740w, https:\/\/radadzielnicy.witosa.pl\/wp-content\/uploads\/2022\/09\/Plakat_nowe_terminy-264x300.jpg 264w\" sizes=\"auto, (max-width: 740px) 100vw, 740px\" \/><\/p>\n ","protected":false},"excerpt":{"rendered":"<p>Otrzymali\u015bmy informacj\u0119, \u017ce projekcje seans\u00f3w kt\u00f3re z powodu deszczowej pogody si\u0119 nie odby\u0142y zostan\u0105 zrealizowane w najbli\u017cszy weekend.&nbsp; W piatek, sobot\u0119 i niedziel\u0119 &#8230;&nbsp; &nbsp; ZAPRASZAMY&nbsp;<\/p>\n","protected":false},"author":1,"featured_media":2454,"comment_status":"closed","ping_status":"closed","sticky":false,"template":"","format":"standard","meta":{"ngg_post_thumbnail":0,"footnotes":""},"categories":[5],"tags":[],"class_list":{"0":"post-2455","1":"post","2":"type-post","3":"status-publish","4":"format-standard","5":"has-post-thumbnail","7":"category-komunikaty"},"_links":{"self":[{"href":"https:\/\/radadzielnicy.witosa.pl\/index.php?rest_route=\/wp\/v2\/posts\/2455","targetHints":{"allow":["GET"]}}],"collection":[{"href":"https:\/\/radadzielnicy.witosa.pl\/index.php?rest_route=\/wp\/v2\/posts"}],"about":[{"href":"https:\/\/radadzielnicy.witosa.pl\/index.php?rest_route=\/wp\/v2\/types\/post"}],"author":[{"embeddable":true,"href":"https:\/\/radadzielnicy.witosa.pl\/index.php?rest_route=\/wp\/v2\/users\/1"}],"replies":[{"embeddable":true,"href":"https:\/\/radadzielnicy.witosa.pl\/index.php?rest_route=%2Fwp%2Fv2%2Fcomments&post=2455"}],"version-history":[{"count":1,"href":"https:\/\/radadzielnicy.witosa.pl\/index.php?rest_route=\/wp\/v2\/posts\/2455\/revisions"}],"predecessor-version":[{"id":2456,"href":"https:\/\/radadzielnicy.witosa.pl\/index.php?rest_route=\/wp\/v2\/posts\/2455\/revisions\/2456"}],"wp:featuredmedia":[{"embeddable":true,"href":"https:\/\/radadzielnicy.witosa.pl\/index.php?rest_route=\/wp\/v2\/media\/2454"}],"wp:attachment":[{"href":"https:\/\/radadzielnicy.witosa.pl\/index.php?rest_route=%2Fwp%2Fv2%2Fmedia&parent=2455"}],"wp:term":[{"taxonomy":"category","embeddable":true,"href":"https:\/\/radadzielnicy.witosa.pl\/index.php?rest_route=%2Fwp%2Fv2%2Fcategories&post=2455"},{"taxonomy":"post_tag","embeddable":true,"href":"https:\/\/radadzielnicy.witosa.pl\/index.php?rest_route=%2Fwp%2Fv2%2Ftags&post=2455"}],"curies":[{"name":"wp","href":"https:\/\/api.w.org\/{rel}","templated":true}]}}