{"id":2457,"date":"2022-09-01T20:56:19","date_gmt":"2022-09-01T18:56:19","guid":{"rendered":"https:\/\/radadzielnicy.witosa.pl\/?p=2457"},"modified":"2023-04-23T20:25:52","modified_gmt":"2023-04-23T18:25:52","slug":"50-posiedzenie-rady-dzielnicy-6-wrzesnia-br-wtorek","status":"publish","type":"post","link":"https:\/\/radadzielnicy.witosa.pl\/?p=2457","title":{"rendered":"50. posiedzenie Rady Dzielnicy &#8211; 6 wrze\u015bnia br. (wtorek)"},"content":{"rendered":"<div class=\"fcbkbttn_buttons_block\" id=\"fcbkbttn_left\"><div class=\"fcbkbttn_like \"><fb:like href=\"https:\/\/radadzielnicy.witosa.pl\/?p=2457\" action=\"like\" colorscheme=\"light\" layout=\"standard\"  width=\"225px\" size=\"small\"><\/fb:like><\/div><div class=\"fb-share-button  \" data-href=\"https:\/\/radadzielnicy.witosa.pl\/?p=2457\" data-type=\"button_count\" data-size=\"small\"><\/div><\/div><p>informujmy , \u017ce 50. posiedzenie Rady Dzielnicy nr 8 Osiedle Witosa,<br \/>\n&nbsp;odb\u0119dzie si\u0119 w dn.6 wrze\u015bnia br. (wtorek) w siedzibie Rady Dzielnicy<br \/>\nnr 8 Osiedle Witosa przy ul. Kwiatkowskiego 8.<\/p>\n<p>Rozpocz\u0119cie posiedzenia o godz. 19:00. Pomieszczenie zostanie<br \/>\nudost\u0119pnione od godz. 18:30.<\/p>\n<p>&nbsp;<\/p>\n<p>Proponowany porz\u0105dek&nbsp; posiedzenia :&nbsp;<\/p>\n<p>1. Otwarcie posiedzenia i stwierdzenie jego prawomocno\u015bci.<br \/>\n2. Powo\u0142anie sekretarza posiedzenia.<br \/>\n3. Przyj\u0119cie porz\u0105dku posiedzenia.<br \/>\n4. Przyj\u0119cie protoko\u0142u nr 10\/2022 z 49. posiedzenia Rady w dn. 23.08.2022 r.<br \/>\n5. Informacja Przewodnicz\u0105cego Rady nt. dzia\u0142a\u0144 podejmowanych pomi\u0119dzy posiedzeniami Rady.<br \/>\n6. Informacja Przewodnicz\u0105cego Zarz\u0105du nt. dzia\u0142a\u0144 Zarz\u0105du podejmowanych pomi\u0119dzy posiedzeniami Rady.<br \/>\n7. Informacja Pe\u0142nomocnik Rady ds. dzia\u0142a\u0144 na rzecz senior\u00f3w i aktywizacji os\u00f3b starszych o pracach w okresie pomi\u0119dzy posiedzeniami Rady.<br \/>\n8. Rozpatrzenie projektu uchwa\u0142y ws. wyst\u0105pienia przez Przewodnicz\u0105cego Rady i Przewodnicz\u0105cego Zarz\u0105du z apelem do Mieszka\u0144c\u00f3w Dzielnicy o udzia\u0142 w g\u0142osowaniu nad Bud\u017cetem Obywatelskim na rok 2023.<br \/>\n9. Rozpatrzenie projektu uchwa\u0142y ws. organizacji VII Spotkania Lider\u00f3w Osiedla Witosa.<br \/>\n10.Rozpatrzenie spraw wniesionych przez Mieszka\u0144c\u00f3w Dzielnicy pomi\u0119dzy posiedzeniami Rady.<br \/>\n11.Sprawy organizacyjne i porz\u0105dkowe.<br \/>\n12.Komunikaty i zaproszenia.<br \/>\n13.Wolne wnioski.<br \/>\n14.Zamkni\u0119cie posiedzenia.<\/p>\n ","protected":false},"excerpt":{"rendered":"<p>informujmy , \u017ce 50. posiedzenie Rady Dzielnicy nr 8 Osiedle Witosa, &nbsp;odb\u0119dzie si\u0119 w dn.6 wrze\u015bnia br. (wtorek) w siedzibie Rady Dzielnicy nr 8 Osiedle Witosa przy&hellip;<\/p>\n<p> <a class=\"more-link\" href=\"https:\/\/radadzielnicy.witosa.pl\/?p=2457\">Dowiedz si\u0119 wi\u0119cej<\/a><\/p>\n","protected":false},"author":1,"featured_media":0,"comment_status":"closed","ping_status":"closed","sticky":false,"template":"","format":"standard","meta":{"ngg_post_thumbnail":0,"footnotes":""},"categories":[10,4],"tags":[],"class_list":{"0":"post-2457","1":"post","2":"type-post","3":"status-publish","4":"format-standard","6":"category-ogloszenia","7":"category-sesje"},"_links":{"self":[{"href":"https:\/\/radadzielnicy.witosa.pl\/index.php?rest_route=\/wp\/v2\/posts\/2457","targetHints":{"allow":["GET"]}}],"collection":[{"href":"https:\/\/radadzielnicy.witosa.pl\/index.php?rest_route=\/wp\/v2\/posts"}],"about":[{"href":"https:\/\/radadzielnicy.witosa.pl\/index.php?rest_route=\/wp\/v2\/types\/post"}],"author":[{"embeddable":true,"href":"https:\/\/radadzielnicy.witosa.pl\/index.php?rest_route=\/wp\/v2\/users\/1"}],"replies":[{"embeddable":true,"href":"https:\/\/radadzielnicy.witosa.pl\/index.php?rest_route=%2Fwp%2Fv2%2Fcomments&post=2457"}],"version-history":[{"count":1,"href":"https:\/\/radadzielnicy.witosa.pl\/index.php?rest_route=\/wp\/v2\/posts\/2457\/revisions"}],"predecessor-version":[{"id":2458,"href":"https:\/\/radadzielnicy.witosa.pl\/index.php?rest_route=\/wp\/v2\/posts\/2457\/revisions\/2458"}],"wp:attachment":[{"href":"https:\/\/radadzielnicy.witosa.pl\/index.php?rest_route=%2Fwp%2Fv2%2Fmedia&parent=2457"}],"wp:term":[{"taxonomy":"category","embeddable":true,"href":"https:\/\/radadzielnicy.witosa.pl\/index.php?rest_route=%2Fwp%2Fv2%2Fcategories&post=2457"},{"taxonomy":"post_tag","embeddable":true,"href":"https:\/\/radadzielnicy.witosa.pl\/index.php?rest_route=%2Fwp%2Fv2%2Ftags&post=2457"}],"curies":[{"name":"wp","href":"https:\/\/api.w.org\/{rel}","templated":true}]}}