{"id":2460,"date":"2022-09-22T20:01:23","date_gmt":"2022-09-22T18:01:23","guid":{"rendered":"https:\/\/radadzielnicy.witosa.pl\/?p=2460"},"modified":"2022-09-22T20:46:33","modified_gmt":"2022-09-22T18:46:33","slug":"41-osob-lub-141-osob-mieszkajacych-na-osiedlu-witosa-wiele-zmienia","status":"publish","type":"post","link":"https:\/\/radadzielnicy.witosa.pl\/?p=2460","title":{"rendered":"41 os\u00f3b lub 141 os\u00f3b  mieszkaj\u0105cych na Osiedlu Witosa  wiele zmienia  !"},"content":{"rendered":"<div class=\"fcbkbttn_buttons_block\" id=\"fcbkbttn_left\"><div class=\"fcbkbttn_like \"><fb:like href=\"https:\/\/radadzielnicy.witosa.pl\/?p=2460\" action=\"like\" colorscheme=\"light\" layout=\"standard\"  width=\"225px\" size=\"small\"><\/fb:like><\/div><div class=\"fb-share-button  \" data-href=\"https:\/\/radadzielnicy.witosa.pl\/?p=2460\" data-type=\"button_count\" data-size=\"small\"><\/div><\/div><p>OSOBY KT\u00d3RE ZAG\u0141OSUJ\u0104 Odwr\u00f3c\u0105 statystyki&nbsp; g\u0142osowania w tegorocznym Budzecie Obywatelskim&nbsp; &#8230;.&nbsp;&nbsp;<\/p>\n<p>Nie bad\u017a oboj\u0119tny.<br \/>\nZach\u0119camy zag\u0142osuj&nbsp; w tegorocznym Bud\u017cecie Obywatelskim, bo&nbsp; 41 os\u00f3b wi\u0119cej spowoduje, \u017ce b\u0119dziemy na 4 pozycji pod wzgl\u0119dem frekfencji g\u0142osujacych. 141 os\u00f3b kt\u00f3re zag\u0142osuj\u0105&nbsp; sprawi, \u017ce znajdziemy si\u0119 w pierwszej TR\u00d3JCE !! **<\/p>\n<p>A na co g\u0142osowa\u0107 ??&nbsp;<\/p>\n<p>&nbsp;<\/p>\n<p>W\u015br\u00f3d projekt\u00f3w og\u00f3lnomiejskich stawiamy na Bezpieczne dzielnice..<\/p>\n<p>&nbsp;<\/p>\n<div class=\"col-md-12 marginbottom\">\n<div class=\"row\">\n<div class=\"col-md-8 projektlistat\"><a href=\"https:\/\/bo.katowice.eu\/Projekty\/Strony\/BezpieczneDzielnice---Witosa,-Za%C5%82%C4%99%C5%BCe-i-Tysi%C4%85clecie.-Rozbudowa-monitoringu-miejskiego-i-do%C5%9Bwietlenie-przej%C5%9B%C4%87-dla-pieszych.aspx\">#BezpieczneDzielnice: Witosa, Za\u0142\u0119\u017ce i Tysi\u0105clecie. Rozbudowa monitoringu miejskiego i do\u015bwietlenie przej\u015b\u0107 dla pieszych dla zwi\u0119kszenia naszego wsp\u00f3lnego bezpiecze\u0144stwa<\/a><\/div>\n<div class=\"col-md-3 text-right\">&nbsp;<\/div>\n<\/div>\n<\/div>\n<div class=\"col-md-12\">\n<div class=\"row\">\n<h1 class=\"col-md-4 szare\">M\/02\/IX&nbsp;<\/h1>\n<\/div>\n<\/div>\n<div class=\"col-md-12\">\n<div>A&nbsp; w projektach lokalnych dajemy Wam woln\u0105 rek\u0119&nbsp; w\u015br\u00f3d 13 projekt\u00f3w kt\u00f3re publikowali\u015bmy <a href=\"https:\/\/radadzielnicy.witosa.pl\/?p=2439\">tutaj&nbsp;<\/a><\/div>\n<\/div>\n<p>B\u0104D\u017b WITOSIAK&#8230;<br \/>\nZAG\u0141OSUJ &#8230;&nbsp;&nbsp;<\/p>\n<p>A jak g\u0142osowa\u0107??&nbsp;<\/p>\n<p>Szybko&nbsp; &#8211; bo to tylko&nbsp; &nbsp;2 minuty.&nbsp;<\/p>\n<p>Gdzie?? na <a href=\"http:\/\/www.boglosujemy.katowice.eu\">www.boglosujemy.katowice.eu&nbsp;<\/a><\/p>\n<p>&nbsp;<\/p>\n<p>&nbsp;<\/p>\n<p>&nbsp;<\/p>\n<p>Dane frekfencyjne na dzie\u0144 21.09.2022.&nbsp;<\/p>\n<p><img loading=\"lazy\" decoding=\"async\" class=\"alignnone size-medium wp-image-2461\" src=\"http:\/\/radadzielnicy.witosa.pl\/wp-content\/uploads\/2022\/09\/Glosowanie-Bo_wyniki_proc-300x119.png\" alt=\"\" width=\"300\" height=\"119\" srcset=\"https:\/\/radadzielnicy.witosa.pl\/wp-content\/uploads\/2022\/09\/Glosowanie-Bo_wyniki_proc-300x119.png 300w, https:\/\/radadzielnicy.witosa.pl\/wp-content\/uploads\/2022\/09\/Glosowanie-Bo_wyniki_proc.png 415w\" sizes=\"auto, (max-width: 300px) 100vw, 300px\" \/><\/p>\n<p>&nbsp;<\/p>\n<p>** na podstawie opublikowanych danych frekfencyjnych z dnia 21.09.2022<\/p>\n<p>&nbsp;<\/p>\n ","protected":false},"excerpt":{"rendered":"<p>OSOBY KT\u00d3RE ZAG\u0141OSUJ\u0104 Odwr\u00f3c\u0105 statystyki&nbsp; g\u0142osowania w tegorocznym Budzecie Obywatelskim&nbsp; &#8230;.&nbsp;&nbsp; Nie bad\u017a oboj\u0119tny. Zach\u0119camy zag\u0142osuj&nbsp; w tegorocznym Bud\u017cecie Obywatelskim, bo&nbsp; 41 os\u00f3b wi\u0119cej spowoduje, \u017ce b\u0119dziemy&hellip;<\/p>\n<p> <a class=\"more-link\" href=\"https:\/\/radadzielnicy.witosa.pl\/?p=2460\">Dowiedz si\u0119 wi\u0119cej<\/a><\/p>\n","protected":false},"author":1,"featured_media":2462,"comment_status":"closed","ping_status":"closed","sticky":false,"template":"","format":"standard","meta":{"ngg_post_thumbnail":0,"footnotes":""},"categories":[5],"tags":[],"class_list":{"0":"post-2460","1":"post","2":"type-post","3":"status-publish","4":"format-standard","5":"has-post-thumbnail","7":"category-komunikaty"},"_links":{"self":[{"href":"https:\/\/radadzielnicy.witosa.pl\/index.php?rest_route=\/wp\/v2\/posts\/2460","targetHints":{"allow":["GET"]}}],"collection":[{"href":"https:\/\/radadzielnicy.witosa.pl\/index.php?rest_route=\/wp\/v2\/posts"}],"about":[{"href":"https:\/\/radadzielnicy.witosa.pl\/index.php?rest_route=\/wp\/v2\/types\/post"}],"author":[{"embeddable":true,"href":"https:\/\/radadzielnicy.witosa.pl\/index.php?rest_route=\/wp\/v2\/users\/1"}],"replies":[{"embeddable":true,"href":"https:\/\/radadzielnicy.witosa.pl\/index.php?rest_route=%2Fwp%2Fv2%2Fcomments&post=2460"}],"version-history":[{"count":4,"href":"https:\/\/radadzielnicy.witosa.pl\/index.php?rest_route=\/wp\/v2\/posts\/2460\/revisions"}],"predecessor-version":[{"id":2466,"href":"https:\/\/radadzielnicy.witosa.pl\/index.php?rest_route=\/wp\/v2\/posts\/2460\/revisions\/2466"}],"wp:featuredmedia":[{"embeddable":true,"href":"https:\/\/radadzielnicy.witosa.pl\/index.php?rest_route=\/wp\/v2\/media\/2462"}],"wp:attachment":[{"href":"https:\/\/radadzielnicy.witosa.pl\/index.php?rest_route=%2Fwp%2Fv2%2Fmedia&parent=2460"}],"wp:term":[{"taxonomy":"category","embeddable":true,"href":"https:\/\/radadzielnicy.witosa.pl\/index.php?rest_route=%2Fwp%2Fv2%2Fcategories&post=2460"},{"taxonomy":"post_tag","embeddable":true,"href":"https:\/\/radadzielnicy.witosa.pl\/index.php?rest_route=%2Fwp%2Fv2%2Ftags&post=2460"}],"curies":[{"name":"wp","href":"https:\/\/api.w.org\/{rel}","templated":true}]}}