{"id":2485,"date":"2022-11-02T18:35:08","date_gmt":"2022-11-02T17:35:08","guid":{"rendered":"https:\/\/radadzielnicy.witosa.pl\/?p=2485"},"modified":"2022-11-02T18:52:58","modified_gmt":"2022-11-02T17:52:58","slug":"planowane-polowania-zbiorowe-kola-lowieckiego-cietrzew-nr-130-osiedle-witosa","status":"publish","type":"post","link":"https:\/\/radadzielnicy.witosa.pl\/?p=2485","title":{"rendered":"Planowane polowania zbiorowe Ko\u0142a \u0141owieckiego CIETRZEW\u201d nr 130 -OSIEDLE WITOSA"},"content":{"rendered":"<div class=\"fcbkbttn_buttons_block\" id=\"fcbkbttn_left\"><div class=\"fcbkbttn_like \"><fb:like href=\"https:\/\/radadzielnicy.witosa.pl\/?p=2485\" action=\"like\" colorscheme=\"light\" layout=\"standard\"  width=\"225px\" size=\"small\"><\/fb:like><\/div><div class=\"fb-share-button  \" data-href=\"https:\/\/radadzielnicy.witosa.pl\/?p=2485\" data-type=\"button_count\" data-size=\"small\"><\/div><\/div><p style=\"text-align: center;\"><strong>Szanowni mieszka\u0144cy<\/strong><\/p>\n<p style=\"text-align: center;\">Informujemy o planowanych polowaniach zbiorowych Ko\u0142a \u0141owieckiego CIETRZEW\u201d nr 130 z zaznaczonymi granicami ww. obwodu \u0142owieckiego.<\/p>\n<p style=\"text-align: center;\">Miejsce wykonywania polowa\u0144 &#8211; cz\u0119\u015b\u0107 u\u017cytkowa obwodu \u0142owieckiego nr 130<\/p>\n<p>&nbsp;<\/p>\n<p><img loading=\"lazy\" decoding=\"async\" class=\" wp-image-2488 aligncenter\" src=\"http:\/\/radadzielnicy.witosa.pl\/wp-content\/uploads\/2022\/11\/130_112022-300x194.jpg\" alt=\"\" width=\"613\" height=\"396\" srcset=\"https:\/\/radadzielnicy.witosa.pl\/wp-content\/uploads\/2022\/11\/130_112022-300x194.jpg 300w, https:\/\/radadzielnicy.witosa.pl\/wp-content\/uploads\/2022\/11\/130_112022-1024x663.jpg 1024w, https:\/\/radadzielnicy.witosa.pl\/wp-content\/uploads\/2022\/11\/130_112022-768x497.jpg 768w, https:\/\/radadzielnicy.witosa.pl\/wp-content\/uploads\/2022\/11\/130_112022.jpg 1241w\" sizes=\"auto, (max-width: 613px) 100vw, 613px\" \/><\/p>\n<p style=\"text-align: center;\"><u>PLANOWANE POLOWANIA:<\/u><\/p>\n<h2 style=\"text-align: center;\">1. 3.11.2022 r. 7:00-16:00<br \/>\n2. 5.11.2022 r. 7:00-16:00<br \/>\n3. 6.11.2022 r. 7:00-16:00<\/p>\n<p>4. 12.11.2022 r. 7:30-15:30<br \/>\n5. 13.11.2022 r. 7:30-15:30<\/p>\n<p>6. 19.11.2022 r. 7:30-15:30<br \/>\n7. 20.11.2022 r. 7:30-15:30<\/p>\n<p>8. 26.11.2022 r. 7:30-15:30<br \/>\n9. 27.11.2022 r. 7:30-15:30<\/p>\n<p>10. 3.12.2022 r. 8:00-15:00<br \/>\n11. 4.12.2022 r. 8:00-15:00<\/p>\n<p>12. 10.12.2022 r. 8:00-15:00<br \/>\n13. 11.12.2022 r. 8:00-15:00<\/p>\n<p>14. 17.12.2022 r. 8:00-15:00<br \/>\n15. 18.12.2022 r. 8:00-15:30<\/p>\n<p>16. 7.01.2023 r. 8:00-15:30<br \/>\n17. 8.01.2023 r. 8:00-15:30<\/p>\n<p>18. 14.01.2023 r. 8:00-15:30<br \/>\n19. 15.01.2023 r. 8:00-15:30<\/h2>\n<p>&nbsp;<\/p>\n<p>&nbsp;<\/p>\n<p>&nbsp;<\/p>\n<p style=\"text-align: center;\"><strong>Prosimy o zachowanie szczeg\u00f3lnej ostro\u017cno\u015bci&nbsp; w wy\u017cej wymienionych terminach na terenach zaznaczonego obszaru.<\/strong><\/p>\n ","protected":false},"excerpt":{"rendered":"<p>Szanowni mieszka\u0144cy Informujemy o planowanych polowaniach zbiorowych Ko\u0142a \u0141owieckiego CIETRZEW\u201d nr 130 z zaznaczonymi granicami ww. obwodu \u0142owieckiego. Miejsce wykonywania polowa\u0144 &#8211; cz\u0119\u015b\u0107 u\u017cytkowa obwodu \u0142owieckiego nr&hellip;<\/p>\n<p> <a class=\"more-link\" href=\"https:\/\/radadzielnicy.witosa.pl\/?p=2485\">Dowiedz si\u0119 wi\u0119cej<\/a><\/p>\n","protected":false},"author":1,"featured_media":2488,"comment_status":"closed","ping_status":"closed","sticky":false,"template":"","format":"standard","meta":{"ngg_post_thumbnail":0,"footnotes":""},"categories":[5],"tags":[],"class_list":{"0":"post-2485","1":"post","2":"type-post","3":"status-publish","4":"format-standard","5":"has-post-thumbnail","7":"category-komunikaty"},"_links":{"self":[{"href":"https:\/\/radadzielnicy.witosa.pl\/index.php?rest_route=\/wp\/v2\/posts\/2485","targetHints":{"allow":["GET"]}}],"collection":[{"href":"https:\/\/radadzielnicy.witosa.pl\/index.php?rest_route=\/wp\/v2\/posts"}],"about":[{"href":"https:\/\/radadzielnicy.witosa.pl\/index.php?rest_route=\/wp\/v2\/types\/post"}],"author":[{"embeddable":true,"href":"https:\/\/radadzielnicy.witosa.pl\/index.php?rest_route=\/wp\/v2\/users\/1"}],"replies":[{"embeddable":true,"href":"https:\/\/radadzielnicy.witosa.pl\/index.php?rest_route=%2Fwp%2Fv2%2Fcomments&post=2485"}],"version-history":[{"count":4,"href":"https:\/\/radadzielnicy.witosa.pl\/index.php?rest_route=\/wp\/v2\/posts\/2485\/revisions"}],"predecessor-version":[{"id":2490,"href":"https:\/\/radadzielnicy.witosa.pl\/index.php?rest_route=\/wp\/v2\/posts\/2485\/revisions\/2490"}],"wp:featuredmedia":[{"embeddable":true,"href":"https:\/\/radadzielnicy.witosa.pl\/index.php?rest_route=\/wp\/v2\/media\/2488"}],"wp:attachment":[{"href":"https:\/\/radadzielnicy.witosa.pl\/index.php?rest_route=%2Fwp%2Fv2%2Fmedia&parent=2485"}],"wp:term":[{"taxonomy":"category","embeddable":true,"href":"https:\/\/radadzielnicy.witosa.pl\/index.php?rest_route=%2Fwp%2Fv2%2Fcategories&post=2485"},{"taxonomy":"post_tag","embeddable":true,"href":"https:\/\/radadzielnicy.witosa.pl\/index.php?rest_route=%2Fwp%2Fv2%2Ftags&post=2485"}],"curies":[{"name":"wp","href":"https:\/\/api.w.org\/{rel}","templated":true}]}}