{"id":2492,"date":"2022-11-10T18:20:46","date_gmt":"2022-11-10T17:20:46","guid":{"rendered":"https:\/\/radadzielnicy.witosa.pl\/?p=2492"},"modified":"2023-04-23T20:25:26","modified_gmt":"2023-04-23T18:25:26","slug":"53-posiedzenie-14-listopada-br-godz-2000","status":"publish","type":"post","link":"https:\/\/radadzielnicy.witosa.pl\/?p=2492","title":{"rendered":"53. posiedzenie &#8211; 14 listopada br  godz. 20:00."},"content":{"rendered":"<div class=\"fcbkbttn_buttons_block\" id=\"fcbkbttn_left\"><div class=\"fcbkbttn_like \"><fb:like href=\"https:\/\/radadzielnicy.witosa.pl\/?p=2492\" action=\"like\" colorscheme=\"light\" layout=\"standard\"  width=\"225px\" size=\"small\"><\/fb:like><\/div><div class=\"fb-share-button  \" data-href=\"https:\/\/radadzielnicy.witosa.pl\/?p=2492\" data-type=\"button_count\" data-size=\"small\"><\/div><\/div><p>53. posiedzenie Rady Dzielnicy nr 8 Osiedle Witosa,<br \/>\nkt\u00f3re odb\u0119dzie si\u0119 w dn. 14 listopada br. (poniedzia\u0142ek)<br \/>\nw siedzibie Rady Dzielnicy nr 8 Osiedle Witosa przy ul. Kwiatkowskiego 8.<\/p>\n<p>Rozpocz\u0119cie posiedzenia o godz. 20:00. Pomieszczenie zostanie<br \/>\nudost\u0119pnione od godz. 19:30.<\/p>\n<p>Proponowany porz\u0105dek posiedzenia:<\/p>\n<p>1. Otwarcie posiedzenia i stwierdzenie jego prawomocno\u015bci.<br \/>\n2. Powo\u0142anie sekretarza posiedzenia.<br \/>\n3. Przyj\u0119cie porz\u0105dku posiedzenia.<br \/>\n4. Przyj\u0119cie protoko\u0142u nr 13\/2022 z 52. posiedzenia Rady w dn. 25.10.2022 r.<br \/>\n5. Informacja Przewodnicz\u0105cego Rady nt. dzia\u0142a\u0144 podejmowanych pomi\u0119dzy<br \/>\nposiedzeniami Rady.<br \/>\n6. Informacja Przewodnicz\u0105cego Zarz\u0105du nt. dzia\u0142a\u0144 Zarz\u0105du podejmowanych<br \/>\npomi\u0119dzy posiedzeniami Rady.<br \/>\n7. Informacja Pe\u0142nomocnik Rady ds. dzia\u0142a\u0144 na rzecz senior\u00f3w i aktywizacji os\u00f3b<br \/>\nstarszych o pracach w okresie pomi\u0119dzy posiedzeniami Rady.<br \/>\n8. Rozpatrzenie projekt\u00f3w uchwa\u0142 ws. zaopiniowania z\u0142o\u017conych do<br \/>\nzaopiniowania przez Rad\u0119 wniosk\u00f3w sk\u0142adanych w ramach naboru Inicjatyw<br \/>\nLokalnych na rok 2023.<br \/>\n9. Rozpatrzenie spraw wniesionych przez Mieszka\u0144c\u00f3w Dzielnicy pomi\u0119dzy<br \/>\nposiedzeniami Rady.<br \/>\n10.Sprawy organizacyjne i porz\u0105dkowe.<br \/>\n11.Komunikaty i zaproszenia.<br \/>\n12.Wolne wnioski.<br \/>\n13.Zamkni\u0119cie posiedzenia.<\/p>\n ","protected":false},"excerpt":{"rendered":"<p>53. posiedzenie Rady Dzielnicy nr 8 Osiedle Witosa, kt\u00f3re odb\u0119dzie si\u0119 w dn. 14 listopada br. (poniedzia\u0142ek) w siedzibie Rady Dzielnicy nr 8 Osiedle Witosa przy ul.&hellip;<\/p>\n<p> <a class=\"more-link\" href=\"https:\/\/radadzielnicy.witosa.pl\/?p=2492\">Dowiedz si\u0119 wi\u0119cej<\/a><\/p>\n","protected":false},"author":1,"featured_media":2494,"comment_status":"closed","ping_status":"closed","sticky":false,"template":"","format":"standard","meta":{"ngg_post_thumbnail":0,"footnotes":""},"categories":[5,10,4],"tags":[],"class_list":{"0":"post-2492","1":"post","2":"type-post","3":"status-publish","4":"format-standard","5":"has-post-thumbnail","7":"category-komunikaty","8":"category-ogloszenia","9":"category-sesje"},"_links":{"self":[{"href":"https:\/\/radadzielnicy.witosa.pl\/index.php?rest_route=\/wp\/v2\/posts\/2492","targetHints":{"allow":["GET"]}}],"collection":[{"href":"https:\/\/radadzielnicy.witosa.pl\/index.php?rest_route=\/wp\/v2\/posts"}],"about":[{"href":"https:\/\/radadzielnicy.witosa.pl\/index.php?rest_route=\/wp\/v2\/types\/post"}],"author":[{"embeddable":true,"href":"https:\/\/radadzielnicy.witosa.pl\/index.php?rest_route=\/wp\/v2\/users\/1"}],"replies":[{"embeddable":true,"href":"https:\/\/radadzielnicy.witosa.pl\/index.php?rest_route=%2Fwp%2Fv2%2Fcomments&post=2492"}],"version-history":[{"count":1,"href":"https:\/\/radadzielnicy.witosa.pl\/index.php?rest_route=\/wp\/v2\/posts\/2492\/revisions"}],"predecessor-version":[{"id":2493,"href":"https:\/\/radadzielnicy.witosa.pl\/index.php?rest_route=\/wp\/v2\/posts\/2492\/revisions\/2493"}],"wp:featuredmedia":[{"embeddable":true,"href":"https:\/\/radadzielnicy.witosa.pl\/index.php?rest_route=\/wp\/v2\/media\/2494"}],"wp:attachment":[{"href":"https:\/\/radadzielnicy.witosa.pl\/index.php?rest_route=%2Fwp%2Fv2%2Fmedia&parent=2492"}],"wp:term":[{"taxonomy":"category","embeddable":true,"href":"https:\/\/radadzielnicy.witosa.pl\/index.php?rest_route=%2Fwp%2Fv2%2Fcategories&post=2492"},{"taxonomy":"post_tag","embeddable":true,"href":"https:\/\/radadzielnicy.witosa.pl\/index.php?rest_route=%2Fwp%2Fv2%2Ftags&post=2492"}],"curies":[{"name":"wp","href":"https:\/\/api.w.org\/{rel}","templated":true}]}}