{"id":2506,"date":"2023-02-12T15:07:03","date_gmt":"2023-02-12T14:07:03","guid":{"rendered":"http:\/\/radadzielnicy.witosa.pl\/?p=2506"},"modified":"2023-02-12T15:07:03","modified_gmt":"2023-02-12T14:07:03","slug":"gielda-pomyslow-bo-na-2024-rok-ankieta","status":"publish","type":"post","link":"https:\/\/radadzielnicy.witosa.pl\/?p=2506","title":{"rendered":"Gie\u0142da pomys\u0142\u00f3w  &#8211; BO na 2024 rok &#8211; ankieta"},"content":{"rendered":"<div class=\"fcbkbttn_buttons_block\" id=\"fcbkbttn_left\"><div class=\"fcbkbttn_like \"><fb:like href=\"https:\/\/radadzielnicy.witosa.pl\/?p=2506\" action=\"like\" colorscheme=\"light\" layout=\"standard\"  width=\"225px\" size=\"small\"><\/fb:like><\/div><div class=\"fb-share-button  \" data-href=\"https:\/\/radadzielnicy.witosa.pl\/?p=2506\" data-type=\"button_count\" data-size=\"small\"><\/div><\/div><p class=\"x_MsoNormal\">Ankieta dotycz\u0105ca&nbsp;<strong>Dzielnicowej Gie\u0142dy Pomys\u0142\u00f3w<\/strong>&nbsp;to spos\u00f3b na poznanie najwa\u017cniejszych potrzeb mieszka\u0144c\u00f3w. Wyniki pomog\u0105 wnioskodawcom w tworzeniu projekt\u00f3w w tegorocznej edycji BO.<i><\/i><\/p>\n<p class=\"x_MsoNormal\">&nbsp;<\/p>\n<p class=\"x_MsoNormal\"><b>Od<\/b>&nbsp;<b>6 do 19 lutego<\/b>&nbsp;dost\u0119pna jest ankieta w wersji online (<a href=\"https:\/\/bit.ly\/3wTbUlm\" target=\"_blank\" rel=\"noopener noreferrer\">https:\/\/bit.ly\/3wTbUlm<\/a>). Dodatkowo dla os\u00f3b, dla kt\u00f3rych samodzielne wype\u0142nienie formularza w wersji online mo\u017ce stanowi\u0107 problem, we wszystkich filiach Miejskiej Biblioteki Publicznej i w miejskich domach kultury dost\u0119pne s\u0105 ankiety w wersji papierowej, kt\u00f3re nale\u017cy wrzuci\u0107 do oznakowanych urn.<\/p>\n<p>&nbsp;<\/p>\n<p class=\"x_MsoNormal\">W przypadku pyta\u0144 dotycz\u0105cych ankiety lub procedury Bud\u017cetu Obywatelskiego, zach\u0119cam do kontaktu z pracownikami Wydzia\u0142u Komunikacji Spo\u0142ecznej (tel. 32 259 33 05, 32 259 31 42, 32 259 38 51, e-mail:&nbsp;<a href=\"mailto:budzetobywatelski@katowice.eu\" target=\"_blank\" rel=\"noopener noreferrer\">budzetobywatelski@katowice.eu<\/a>).<\/p>\n<p class=\"x_MsoNormal\">&nbsp;<\/p>\n ","protected":false},"excerpt":{"rendered":"<p>Ankieta dotycz\u0105ca&nbsp;Dzielnicowej Gie\u0142dy Pomys\u0142\u00f3w&nbsp;to spos\u00f3b na poznanie najwa\u017cniejszych potrzeb mieszka\u0144c\u00f3w. Wyniki pomog\u0105 wnioskodawcom w tworzeniu projekt\u00f3w w tegorocznej edycji BO. &nbsp; Od&nbsp;6 do 19 lutego&nbsp;dost\u0119pna jest ankieta&hellip;<\/p>\n<p> <a class=\"more-link\" href=\"https:\/\/radadzielnicy.witosa.pl\/?p=2506\">Dowiedz si\u0119 wi\u0119cej<\/a><\/p>\n","protected":false},"author":1,"featured_media":2507,"comment_status":"closed","ping_status":"closed","sticky":false,"template":"","format":"standard","meta":{"ngg_post_thumbnail":0,"footnotes":""},"categories":[5],"tags":[],"class_list":{"0":"post-2506","1":"post","2":"type-post","3":"status-publish","4":"format-standard","5":"has-post-thumbnail","7":"category-komunikaty"},"_links":{"self":[{"href":"https:\/\/radadzielnicy.witosa.pl\/index.php?rest_route=\/wp\/v2\/posts\/2506","targetHints":{"allow":["GET"]}}],"collection":[{"href":"https:\/\/radadzielnicy.witosa.pl\/index.php?rest_route=\/wp\/v2\/posts"}],"about":[{"href":"https:\/\/radadzielnicy.witosa.pl\/index.php?rest_route=\/wp\/v2\/types\/post"}],"author":[{"embeddable":true,"href":"https:\/\/radadzielnicy.witosa.pl\/index.php?rest_route=\/wp\/v2\/users\/1"}],"replies":[{"embeddable":true,"href":"https:\/\/radadzielnicy.witosa.pl\/index.php?rest_route=%2Fwp%2Fv2%2Fcomments&post=2506"}],"version-history":[{"count":1,"href":"https:\/\/radadzielnicy.witosa.pl\/index.php?rest_route=\/wp\/v2\/posts\/2506\/revisions"}],"predecessor-version":[{"id":2508,"href":"https:\/\/radadzielnicy.witosa.pl\/index.php?rest_route=\/wp\/v2\/posts\/2506\/revisions\/2508"}],"wp:featuredmedia":[{"embeddable":true,"href":"https:\/\/radadzielnicy.witosa.pl\/index.php?rest_route=\/wp\/v2\/media\/2507"}],"wp:attachment":[{"href":"https:\/\/radadzielnicy.witosa.pl\/index.php?rest_route=%2Fwp%2Fv2%2Fmedia&parent=2506"}],"wp:term":[{"taxonomy":"category","embeddable":true,"href":"https:\/\/radadzielnicy.witosa.pl\/index.php?rest_route=%2Fwp%2Fv2%2Fcategories&post=2506"},{"taxonomy":"post_tag","embeddable":true,"href":"https:\/\/radadzielnicy.witosa.pl\/index.php?rest_route=%2Fwp%2Fv2%2Ftags&post=2506"}],"curies":[{"name":"wp","href":"https:\/\/api.w.org\/{rel}","templated":true}]}}