{"id":2509,"date":"2023-02-12T15:10:19","date_gmt":"2023-02-12T14:10:19","guid":{"rendered":"http:\/\/radadzielnicy.witosa.pl\/?p=2509"},"modified":"2023-02-12T15:11:11","modified_gmt":"2023-02-12T14:11:11","slug":"zaproszenie-wernisaz","status":"publish","type":"post","link":"https:\/\/radadzielnicy.witosa.pl\/?p=2509","title":{"rendered":"Zaproszenie  &#8211; wernisa\u017c"},"content":{"rendered":"<div class=\"fcbkbttn_buttons_block\" id=\"fcbkbttn_left\"><div class=\"fcbkbttn_like \"><fb:like href=\"https:\/\/radadzielnicy.witosa.pl\/?p=2509\" action=\"like\" colorscheme=\"light\" layout=\"standard\"  width=\"225px\" size=\"small\"><\/fb:like><\/div><div class=\"fb-share-button  \" data-href=\"https:\/\/radadzielnicy.witosa.pl\/?p=2509\" data-type=\"button_count\" data-size=\"small\"><\/div><\/div><div>&nbsp;<\/div>\n<div>&nbsp;<\/div>\n<div class=\"x_pre\">Miejski Dom Kultury &#8222;Szopienice-Giszowiec&#8221; oraz Grupa Janowska<\/div>\n<div class=\"x_pre\">ma zaszczyt zaprosi\u0107 na wernisa\u017c wystawy poplenerowej Grupy Janowskiej,<\/div>\n<div class=\"x_pre\">kt\u00f3ry odb\u0119dzie si\u0119&nbsp;14 lutego (wtorek) o godz. 18:00. w Filii nr 2 MDK \u201eSzopienice \u2013 Giszowiec\u201d Plac Pod Lipami 1 w Giszowcu.<\/div>\n<div>&nbsp;<\/div>\n<div class=\"x_pre\">Plenery malarskie Grupy Janowskiej odbywa\u0142y si\u0119 w 2022 r.<\/div>\n<div class=\"x_pre\">dzi\u0119ki wsparciu finansowemu Rad Dzielnic Miasta Katowice. Za co serdecznie dzi\u0119kujemy.<\/div>\n<div class=\"x_pre\">Wystaw\u0119 b\u0119dzie mo\u017cna ogl\u0105da\u0107 w holu g\u0142\u00f3wnym Filii nr 2 MDK \u201eSzopienice \u2013 Giszowiec\u201d<\/div>\n<div class=\"x_pre\">przy placu Pod Lipami 1 do 3 marca 2023.<\/div>\n<div>&nbsp;<\/div>\n<div class=\"x_pre\">Serdecznie zapraszamy!<\/div>\n<div>&nbsp;<\/div>\n<div><img loading=\"lazy\" decoding=\"async\" class=\"alignnone  wp-image-2510\" src=\"http:\/\/radadzielnicy.witosa.pl\/wp-content\/uploads\/2023\/02\/Wernisaz-wystawy-poplenerowej--212x300.jpg\" alt=\"\" width=\"461\" height=\"652\" srcset=\"https:\/\/radadzielnicy.witosa.pl\/wp-content\/uploads\/2023\/02\/Wernisaz-wystawy-poplenerowej--212x300.jpg 212w, https:\/\/radadzielnicy.witosa.pl\/wp-content\/uploads\/2023\/02\/Wernisaz-wystawy-poplenerowej--724x1024.jpg 724w, https:\/\/radadzielnicy.witosa.pl\/wp-content\/uploads\/2023\/02\/Wernisaz-wystawy-poplenerowej--768x1086.jpg 768w, https:\/\/radadzielnicy.witosa.pl\/wp-content\/uploads\/2023\/02\/Wernisaz-wystawy-poplenerowej--1086x1536.jpg 1086w, https:\/\/radadzielnicy.witosa.pl\/wp-content\/uploads\/2023\/02\/Wernisaz-wystawy-poplenerowej--1448x2048.jpg 1448w, https:\/\/radadzielnicy.witosa.pl\/wp-content\/uploads\/2023\/02\/Wernisaz-wystawy-poplenerowej--1024x1449.jpg 1024w, https:\/\/radadzielnicy.witosa.pl\/wp-content\/uploads\/2023\/02\/Wernisaz-wystawy-poplenerowej-.jpg 1587w\" sizes=\"auto, (max-width: 461px) 100vw, 461px\" \/><\/div>\n ","protected":false},"excerpt":{"rendered":"<p>&nbsp; &nbsp; Miejski Dom Kultury &#8222;Szopienice-Giszowiec&#8221; oraz Grupa Janowska ma zaszczyt zaprosi\u0107 na wernisa\u017c wystawy poplenerowej Grupy Janowskiej, kt\u00f3ry odb\u0119dzie si\u0119&nbsp;14 lutego (wtorek) o godz. 18:00. w&hellip;<\/p>\n<p> <a class=\"more-link\" href=\"https:\/\/radadzielnicy.witosa.pl\/?p=2509\">Dowiedz si\u0119 wi\u0119cej<\/a><\/p>\n","protected":false},"author":1,"featured_media":2510,"comment_status":"closed","ping_status":"closed","sticky":false,"template":"","format":"standard","meta":{"ngg_post_thumbnail":0,"footnotes":""},"categories":[10,11],"tags":[],"class_list":{"0":"post-2509","1":"post","2":"type-post","3":"status-publish","4":"format-standard","5":"has-post-thumbnail","7":"category-ogloszenia","8":"category-zaproszenia"},"_links":{"self":[{"href":"https:\/\/radadzielnicy.witosa.pl\/index.php?rest_route=\/wp\/v2\/posts\/2509","targetHints":{"allow":["GET"]}}],"collection":[{"href":"https:\/\/radadzielnicy.witosa.pl\/index.php?rest_route=\/wp\/v2\/posts"}],"about":[{"href":"https:\/\/radadzielnicy.witosa.pl\/index.php?rest_route=\/wp\/v2\/types\/post"}],"author":[{"embeddable":true,"href":"https:\/\/radadzielnicy.witosa.pl\/index.php?rest_route=\/wp\/v2\/users\/1"}],"replies":[{"embeddable":true,"href":"https:\/\/radadzielnicy.witosa.pl\/index.php?rest_route=%2Fwp%2Fv2%2Fcomments&post=2509"}],"version-history":[{"count":2,"href":"https:\/\/radadzielnicy.witosa.pl\/index.php?rest_route=\/wp\/v2\/posts\/2509\/revisions"}],"predecessor-version":[{"id":2512,"href":"https:\/\/radadzielnicy.witosa.pl\/index.php?rest_route=\/wp\/v2\/posts\/2509\/revisions\/2512"}],"wp:featuredmedia":[{"embeddable":true,"href":"https:\/\/radadzielnicy.witosa.pl\/index.php?rest_route=\/wp\/v2\/media\/2510"}],"wp:attachment":[{"href":"https:\/\/radadzielnicy.witosa.pl\/index.php?rest_route=%2Fwp%2Fv2%2Fmedia&parent=2509"}],"wp:term":[{"taxonomy":"category","embeddable":true,"href":"https:\/\/radadzielnicy.witosa.pl\/index.php?rest_route=%2Fwp%2Fv2%2Fcategories&post=2509"},{"taxonomy":"post_tag","embeddable":true,"href":"https:\/\/radadzielnicy.witosa.pl\/index.php?rest_route=%2Fwp%2Fv2%2Ftags&post=2509"}],"curies":[{"name":"wp","href":"https:\/\/api.w.org\/{rel}","templated":true}]}}