{"id":2514,"date":"2023-03-02T14:50:13","date_gmt":"2023-03-02T13:50:13","guid":{"rendered":"http:\/\/radadzielnicy.witosa.pl\/?p=2514"},"modified":"2023-04-23T20:25:12","modified_gmt":"2023-04-23T18:25:12","slug":"57-posiedzenie-rady-dzielnicy-7-marca-2023-r","status":"publish","type":"post","link":"https:\/\/radadzielnicy.witosa.pl\/?p=2514","title":{"rendered":"57. posiedzenie Rady Dzielnicy  &#8211; 7 marca 2023 r."},"content":{"rendered":"<div class=\"fcbkbttn_buttons_block\" id=\"fcbkbttn_left\"><div class=\"fcbkbttn_like \"><fb:like href=\"https:\/\/radadzielnicy.witosa.pl\/?p=2514\" action=\"like\" colorscheme=\"light\" layout=\"standard\"  width=\"225px\" size=\"small\"><\/fb:like><\/div><div class=\"fb-share-button  \" data-href=\"https:\/\/radadzielnicy.witosa.pl\/?p=2514\" data-type=\"button_count\" data-size=\"small\"><\/div><\/div><p>Informujemy, \u017ce 57. posiedzenie Rady Dzielnicy nr 8 Osiedle Witosa,<br \/>\nodb\u0119dzie si\u0119 w dn. 7 marca 2023 r. (wtorek) w siedzibie Rady<br \/>\nDzielnicy nr 8 Osiedle Witosa przy ul. Kwiatkowskiego 8.<\/p>\n<p>Rozpocz\u0119cie posiedzenia o godz. 19:00.&nbsp;<\/p>\n<p>Proponowany porz\u0105dek&nbsp; posiedzenia:&nbsp;<\/p>\n<p>1. Otwarcie posiedzenia i stwierdzenie jego prawomocno\u015bci.<br \/>\n2. Powo\u0142anie sekretarza posiedzenia.<br \/>\n3. Przyj\u0119cie porz\u0105dku posiedzenia.<br \/>\n4. Przyj\u0119cie protoko\u0142u nr 3\/2023 z 56. posiedzenia Rady w dn. 07.02.2023 r.<br \/>\n5. Informacja Przewodnicz\u0105cego Rady nt. dzia\u0142a\u0144 podejmowanych pomi\u0119dzy<br \/>\nposiedzeniami Rady.<br \/>\n6. Informacja Przewodnicz\u0105cego Zarz\u0105du nt. dzia\u0142a\u0144 Zarz\u0105du podejmowanych<br \/>\npomi\u0119dzy posiedzeniami Rady.<br \/>\n7. Rozpatrzenie projektu uchwa\u0142y ws. przyj\u0119cia Regulaminu pracy Rady Dzielnicy<br \/>\nnr 8 Osiedle Witosa. \/ Uchwa\u0142a 260.23_P<br \/>\n8. Rozpatrzenie spraw wniesionych przez Mieszka\u0144c\u00f3w Dzielnicy pomi\u0119dzy<br \/>\nposiedzeniami Rady.<br \/>\n9. Sprawy organizacyjne i porz\u0105dkowe.<br \/>\n10.Komunikaty i zaproszenia.<br \/>\n11.Wolne wnioski.<br \/>\n12.Zamkni\u0119cie posiedzenia.<\/p>\n ","protected":false},"excerpt":{"rendered":"<p>Informujemy, \u017ce 57. posiedzenie Rady Dzielnicy nr 8 Osiedle Witosa, odb\u0119dzie si\u0119 w dn. 7 marca 2023 r. (wtorek) w siedzibie Rady Dzielnicy nr 8 Osiedle Witosa&hellip;<\/p>\n<p> <a class=\"more-link\" href=\"https:\/\/radadzielnicy.witosa.pl\/?p=2514\">Dowiedz si\u0119 wi\u0119cej<\/a><\/p>\n","protected":false},"author":1,"featured_media":233,"comment_status":"closed","ping_status":"closed","sticky":false,"template":"","format":"standard","meta":{"ngg_post_thumbnail":0,"footnotes":""},"categories":[5,10,4],"tags":[],"class_list":{"0":"post-2514","1":"post","2":"type-post","3":"status-publish","4":"format-standard","5":"has-post-thumbnail","7":"category-komunikaty","8":"category-ogloszenia","9":"category-sesje"},"_links":{"self":[{"href":"https:\/\/radadzielnicy.witosa.pl\/index.php?rest_route=\/wp\/v2\/posts\/2514","targetHints":{"allow":["GET"]}}],"collection":[{"href":"https:\/\/radadzielnicy.witosa.pl\/index.php?rest_route=\/wp\/v2\/posts"}],"about":[{"href":"https:\/\/radadzielnicy.witosa.pl\/index.php?rest_route=\/wp\/v2\/types\/post"}],"author":[{"embeddable":true,"href":"https:\/\/radadzielnicy.witosa.pl\/index.php?rest_route=\/wp\/v2\/users\/1"}],"replies":[{"embeddable":true,"href":"https:\/\/radadzielnicy.witosa.pl\/index.php?rest_route=%2Fwp%2Fv2%2Fcomments&post=2514"}],"version-history":[{"count":1,"href":"https:\/\/radadzielnicy.witosa.pl\/index.php?rest_route=\/wp\/v2\/posts\/2514\/revisions"}],"predecessor-version":[{"id":2515,"href":"https:\/\/radadzielnicy.witosa.pl\/index.php?rest_route=\/wp\/v2\/posts\/2514\/revisions\/2515"}],"wp:featuredmedia":[{"embeddable":true,"href":"https:\/\/radadzielnicy.witosa.pl\/index.php?rest_route=\/wp\/v2\/media\/233"}],"wp:attachment":[{"href":"https:\/\/radadzielnicy.witosa.pl\/index.php?rest_route=%2Fwp%2Fv2%2Fmedia&parent=2514"}],"wp:term":[{"taxonomy":"category","embeddable":true,"href":"https:\/\/radadzielnicy.witosa.pl\/index.php?rest_route=%2Fwp%2Fv2%2Fcategories&post=2514"},{"taxonomy":"post_tag","embeddable":true,"href":"https:\/\/radadzielnicy.witosa.pl\/index.php?rest_route=%2Fwp%2Fv2%2Ftags&post=2514"}],"curies":[{"name":"wp","href":"https:\/\/api.w.org\/{rel}","templated":true}]}}