{"id":2519,"date":"2023-03-19T19:17:49","date_gmt":"2023-03-19T18:17:49","guid":{"rendered":"http:\/\/radadzielnicy.witosa.pl\/?p=2519"},"modified":"2023-03-19T19:17:49","modified_gmt":"2023-03-19T18:17:49","slug":"zebrano-propozycje-mieszkancow-do-dzielnicowej-gieldy-pomyslow","status":"publish","type":"post","link":"https:\/\/radadzielnicy.witosa.pl\/?p=2519","title":{"rendered":"Zebrano propozycje mieszka\u0144c\u00f3w do Dzielnicowej Gie\u0142dy Pomys\u0142\u00f3w"},"content":{"rendered":"<div class=\"fcbkbttn_buttons_block\" id=\"fcbkbttn_left\"><div class=\"fcbkbttn_like \"><fb:like href=\"https:\/\/radadzielnicy.witosa.pl\/?p=2519\" action=\"like\" colorscheme=\"light\" layout=\"standard\"  width=\"225px\" size=\"small\"><\/fb:like><\/div><div class=\"fb-share-button  \" data-href=\"https:\/\/radadzielnicy.witosa.pl\/?p=2519\" data-type=\"button_count\" data-size=\"small\"><\/div><\/div><div id=\"news_title\">\u200b<\/div>\n<div id=\"news_content\">\n<p><strong> Od 6 do 19 lutego katowiczanie po raz pierwszy w historii katowickiego bud\u017cetu obywatelskiego mogli wzi\u0105\u0107 udzia\u0142 w Dzielnicowej Gie\u0142dzie Pomys\u0142\u00f3w.<\/strong><\/p>\n<p><strong>W ramach Dzielnicowej Gie\u0142dy Pomys\u0142\u00f3w wp\u0142yn\u0119\u0142y 683 ankiety.<\/strong><\/p>\n<p>&#8211;&nbsp;<em class=\"ms-rteStyle-Quote\">W tym roku czeka nas dziesi\u0105ta edycja bud\u017cetu obywatelskiego. Poprzednie lata pokaza\u0142y, \u017ce katowiczanie wiedz\u0105 jak korzysta\u0107 z tego narz\u0119dzia, kt\u00f3re pozwala bezpo\u015brednio wp\u0142ywa\u0107 na rozw\u00f3j miasta. Co roku do bud\u017cetu obywatelskiego zg\u0142aszanych jest kilkaset projekt\u00f3w, a we wrze\u015bniowym g\u0142osowaniu kilkadziesi\u0105t tysi\u0119cy mieszka\u0144c\u00f3w, decyduje o tym, kt\u00f3re z nich miasto ma zrealizowa\u0107. Nie inaczej b\u0119dzie w tym roku, a \u017ceby troch\u0119 u\u0142atwi\u0107 prace potencjalnym wnioskodawcom, uruchomili\u015bmy Dzielnicow\u0105 Gie\u0142d\u0119 Pomys\u0142\u00f3w, z kt\u00f3rej b\u0119dzie mo\u017cna korzysta\u0107 przy tworzeniu wniosk\u00f3w do BO<\/em>&nbsp;\u2013 m\u00f3wi&nbsp;<strong>Marcin Krupa<\/strong>, prezydent Katowic.<\/p>\n<p>&nbsp;Dzi\u0119ki ankiecie katowiczanie mogli okre\u015bli\u0107 potrzeby zwi\u0105zane z rozwojem dzielnicy i miasta oraz wskaza\u0107 obszary, kt\u00f3re s\u0105 dla nich najwa\u017cniejsze. Wyniki ankiety pozwol\u0105 osobom chc\u0105cym zaanga\u017cowa\u0107 si\u0119 w tegoroczn\u0105 edycj\u0119 bud\u017cetu obywatelskiego pozna\u0107 oczekiwania mieszka\u0144c\u00f3w swojej dzielnicy i stworzy\u0107 takie projekty, kt\u00f3re b\u0119d\u0105 odpowiedzi\u0105 na ich potrzeby.<\/p>\n<\/div>\n<p>Wyniki Dzielnicowej Gie\u0142dy Pomys\u0142\u00f3w uj\u0119te zosta\u0142y w przygotowanym dla <a href=\"https:\/\/bo.katowice.eu\/Aktualnosci\/Strony\/Dzielnicowa-Gie%C5%82da-Pomys%C5%82%C3%B3w---wyniki-ankiety.aspx#wit\">naszej dzielnicy&nbsp; materiale.<\/a><\/p>\n<p><img loading=\"lazy\" decoding=\"async\" class=\"alignnone  wp-image-2520\" src=\"http:\/\/radadzielnicy.witosa.pl\/wp-content\/uploads\/2023\/03\/Wyniki_Witosa-300x178.png\" alt=\"\" width=\"726\" height=\"431\" srcset=\"https:\/\/radadzielnicy.witosa.pl\/wp-content\/uploads\/2023\/03\/Wyniki_Witosa-300x178.png 300w, https:\/\/radadzielnicy.witosa.pl\/wp-content\/uploads\/2023\/03\/Wyniki_Witosa-1024x609.png 1024w, https:\/\/radadzielnicy.witosa.pl\/wp-content\/uploads\/2023\/03\/Wyniki_Witosa-768x456.png 768w, https:\/\/radadzielnicy.witosa.pl\/wp-content\/uploads\/2023\/03\/Wyniki_Witosa.png 1282w\" sizes=\"auto, (max-width: 726px) 100vw, 726px\" \/><\/p>\n<p>Pliki do pobrania tutaj:<\/p>\n<p><a href=\"http:\/\/radadzielnicy.witosa.pl\/wp-content\/uploads\/2023\/03\/Os.-Witosa-Program-zadan-spolecznych-i-gospodarczych-na-2023-zadania-inwestycyjne-i-remontowe.pdf\">Os. Witosa &#8211; Program zada\u0144 spo\u0142ecznych i gospodarczych na 2023 &#8211; zadania inwestycyjne i remontowe<\/a><\/p>\n<p><a href=\"http:\/\/radadzielnicy.witosa.pl\/wp-content\/uploads\/2023\/03\/Os.-Witosa-Wykaz-projektow-poddanych-pod-glosowanie-za-wszystkich-edycji-BO.pdf\">Os. Witosa &#8211; Wykaz projekt\u00f3w poddanych pod g\u0142osowanie za wszystkich edycji BO<\/a><\/p>\n<p><a href=\"http:\/\/radadzielnicy.witosa.pl\/wp-content\/uploads\/2023\/03\/Os.-Witosa-Dzielnicowa-Gielda-Pomyslow-wykaz-opracowanych-pomyslow-mieszkancow.pdf\">Os. Witosa &#8211; Dzielnicowa Gie\u0142da Pomys\u0142\u00f3w &#8211; wykaz opracowanych pomys\u0142\u00f3w mieszka\u0144c\u00f3w<\/a><\/p>\n<p><a href=\"http:\/\/radadzielnicy.witosa.pl\/wp-content\/uploads\/2023\/03\/Os.-Witosa-Dzielnicowa-Gielda-Pomyslow-prezentacja-wynikow.pdf\">Os. Witosa &#8211; Dzielnicowa Gie\u0142da Pomys\u0142\u00f3w &#8211; prezentacja wynik\u00f3w<\/a><\/p>\n<p>&nbsp;<\/p>\n<p>&nbsp;<\/p>\n<p>&nbsp;<\/p>\n<p>&nbsp;<\/p>\n<p>&nbsp;<\/p>\n<p><a href=\"https:\/\/www.katowice.eu\/dla-mieszka%C5%84ca\/aktualnosci?ItemID=5833&amp;ListID={75169DCB-89EF-46CD-A876-165C1E838909}\">Na podstawie informacji<\/a><\/p>\n ","protected":false},"excerpt":{"rendered":"<p>\u200b Od 6 do 19 lutego katowiczanie po raz pierwszy w historii katowickiego bud\u017cetu obywatelskiego mogli wzi\u0105\u0107 udzia\u0142 w Dzielnicowej Gie\u0142dzie Pomys\u0142\u00f3w. W ramach Dzielnicowej Gie\u0142dy Pomys\u0142\u00f3w&hellip;<\/p>\n<p> <a class=\"more-link\" href=\"https:\/\/radadzielnicy.witosa.pl\/?p=2519\">Dowiedz si\u0119 wi\u0119cej<\/a><\/p>\n","protected":false},"author":1,"featured_media":0,"comment_status":"closed","ping_status":"closed","sticky":false,"template":"","format":"standard","meta":{"ngg_post_thumbnail":0,"footnotes":""},"categories":[5],"tags":[],"class_list":{"0":"post-2519","1":"post","2":"type-post","3":"status-publish","4":"format-standard","6":"category-komunikaty"},"_links":{"self":[{"href":"https:\/\/radadzielnicy.witosa.pl\/index.php?rest_route=\/wp\/v2\/posts\/2519","targetHints":{"allow":["GET"]}}],"collection":[{"href":"https:\/\/radadzielnicy.witosa.pl\/index.php?rest_route=\/wp\/v2\/posts"}],"about":[{"href":"https:\/\/radadzielnicy.witosa.pl\/index.php?rest_route=\/wp\/v2\/types\/post"}],"author":[{"embeddable":true,"href":"https:\/\/radadzielnicy.witosa.pl\/index.php?rest_route=\/wp\/v2\/users\/1"}],"replies":[{"embeddable":true,"href":"https:\/\/radadzielnicy.witosa.pl\/index.php?rest_route=%2Fwp%2Fv2%2Fcomments&post=2519"}],"version-history":[{"count":1,"href":"https:\/\/radadzielnicy.witosa.pl\/index.php?rest_route=\/wp\/v2\/posts\/2519\/revisions"}],"predecessor-version":[{"id":2525,"href":"https:\/\/radadzielnicy.witosa.pl\/index.php?rest_route=\/wp\/v2\/posts\/2519\/revisions\/2525"}],"wp:attachment":[{"href":"https:\/\/radadzielnicy.witosa.pl\/index.php?rest_route=%2Fwp%2Fv2%2Fmedia&parent=2519"}],"wp:term":[{"taxonomy":"category","embeddable":true,"href":"https:\/\/radadzielnicy.witosa.pl\/index.php?rest_route=%2Fwp%2Fv2%2Fcategories&post=2519"},{"taxonomy":"post_tag","embeddable":true,"href":"https:\/\/radadzielnicy.witosa.pl\/index.php?rest_route=%2Fwp%2Fv2%2Ftags&post=2519"}],"curies":[{"name":"wp","href":"https:\/\/api.w.org\/{rel}","templated":true}]}}