{"id":2527,"date":"2023-03-28T21:30:28","date_gmt":"2023-03-28T19:30:28","guid":{"rendered":"http:\/\/radadzielnicy.witosa.pl\/?p=2527"},"modified":"2023-04-23T20:25:05","modified_gmt":"2023-04-23T18:25:05","slug":"58-posiedzenie-odbedzie-sie-w-dn-4-kwietnia-2023-r","status":"publish","type":"post","link":"https:\/\/radadzielnicy.witosa.pl\/?p=2527","title":{"rendered":"58. posiedzenie &#8211; 4 kwietnia 2023 r."},"content":{"rendered":"<div class=\"fcbkbttn_buttons_block\" id=\"fcbkbttn_left\"><div class=\"fcbkbttn_like \"><fb:like href=\"https:\/\/radadzielnicy.witosa.pl\/?p=2527\" action=\"like\" colorscheme=\"light\" layout=\"standard\"  width=\"225px\" size=\"small\"><\/fb:like><\/div><div class=\"fb-share-button  \" data-href=\"https:\/\/radadzielnicy.witosa.pl\/?p=2527\" data-type=\"button_count\" data-size=\"small\"><\/div><\/div><p>58. posiedzenie Rady Dzielnicy nr 8 Osiedle Witosa,<br \/>\nkt\u00f3re odb\u0119dzie si\u0119 w dn. 4 kwietnia 2023 r. (wtorek) w siedzibie Rady<br \/>\nDzielnicy nr 8 Osiedle Witosa przy ul. Kwiatkowskiego 8.<br \/>\nRozpocz\u0119cie posiedzenia o godz. 19:00. Pomieszczenie zostanie<br \/>\nudost\u0119pnione od godz. 18:30.<\/p>\n<p>Proponowany porz\u0105dek posiedzenia<\/p>\n<p>1. Otwarcie posiedzenia i stwierdzenie jego prawomocno\u015bci.<br \/>\n2. Powo\u0142anie sekretarza posiedzenia.<br \/>\n3. Przyj\u0119cie porz\u0105dku posiedzenia.<br \/>\n4. Przyj\u0119cie protoko\u0142u nr 3\/2023 z 56. posiedzenia Rady w dn. 07.02.2023 r.<br \/>\n5. Przyj\u0119cie protoko\u0142u nr 4\/2023 z 57. posiedzenia Rady w dn. 07.03.2023 r.<br \/>\n6. Informacja Przewodnicz\u0105cego Rady nt. dzia\u0142a\u0144 podejmowanych pomi\u0119dzy posiedzeniami Rady.<br \/>\n7. Informacja Przewodnicz\u0105cego Zarz\u0105du nt. dzia\u0142a\u0144 Zarz\u0105du podejmowanych pomi\u0119dzy posiedzeniami Rady.<br \/>\n8. Rozpatrzenie projektu uchwa\u0142y ws. przyj\u0119cia Sprawozdania Rady Dzielnicy nr 8 Osiedle Witosa za rok 2022. \/ Uchwa\u0142a 261.23_P<br \/>\n9. Rozpatrzenie projektu uchwa\u0142y ws. zaopiniowania propozycji rozbudowy<br \/>\nparkingu przy ul. Rataja w rejonie Ronda Aleksandry \u015al\u0105skiej. \/ Uchwa\u0142a 262.23_P<br \/>\n10.Rozpatrzenie spraw wniesionych przez Mieszka\u0144c\u00f3w Dzielnicy pomi\u0119dzy posiedzeniami Rady.<br \/>\n11.Sprawy organizacyjne i porz\u0105dkowe.<br \/>\n12.Komunikaty i zaproszenia.<br \/>\n13.Wolne wnioski.<br \/>\n14.Zamkni\u0119cie posiedzenia.<\/p>\n ","protected":false},"excerpt":{"rendered":"<p>58. posiedzenie Rady Dzielnicy nr 8 Osiedle Witosa, kt\u00f3re odb\u0119dzie si\u0119 w dn. 4 kwietnia 2023 r. (wtorek) w siedzibie Rady Dzielnicy nr 8 Osiedle Witosa przy&hellip;<\/p>\n<p> <a class=\"more-link\" href=\"https:\/\/radadzielnicy.witosa.pl\/?p=2527\">Dowiedz si\u0119 wi\u0119cej<\/a><\/p>\n","protected":false},"author":1,"featured_media":2539,"comment_status":"closed","ping_status":"closed","sticky":false,"template":"","format":"standard","meta":{"ngg_post_thumbnail":0,"footnotes":""},"categories":[5,10,4],"tags":[],"class_list":{"0":"post-2527","1":"post","2":"type-post","3":"status-publish","4":"format-standard","5":"has-post-thumbnail","7":"category-komunikaty","8":"category-ogloszenia","9":"category-sesje"},"_links":{"self":[{"href":"https:\/\/radadzielnicy.witosa.pl\/index.php?rest_route=\/wp\/v2\/posts\/2527","targetHints":{"allow":["GET"]}}],"collection":[{"href":"https:\/\/radadzielnicy.witosa.pl\/index.php?rest_route=\/wp\/v2\/posts"}],"about":[{"href":"https:\/\/radadzielnicy.witosa.pl\/index.php?rest_route=\/wp\/v2\/types\/post"}],"author":[{"embeddable":true,"href":"https:\/\/radadzielnicy.witosa.pl\/index.php?rest_route=\/wp\/v2\/users\/1"}],"replies":[{"embeddable":true,"href":"https:\/\/radadzielnicy.witosa.pl\/index.php?rest_route=%2Fwp%2Fv2%2Fcomments&post=2527"}],"version-history":[{"count":2,"href":"https:\/\/radadzielnicy.witosa.pl\/index.php?rest_route=\/wp\/v2\/posts\/2527\/revisions"}],"predecessor-version":[{"id":2529,"href":"https:\/\/radadzielnicy.witosa.pl\/index.php?rest_route=\/wp\/v2\/posts\/2527\/revisions\/2529"}],"wp:featuredmedia":[{"embeddable":true,"href":"https:\/\/radadzielnicy.witosa.pl\/index.php?rest_route=\/wp\/v2\/media\/2539"}],"wp:attachment":[{"href":"https:\/\/radadzielnicy.witosa.pl\/index.php?rest_route=%2Fwp%2Fv2%2Fmedia&parent=2527"}],"wp:term":[{"taxonomy":"category","embeddable":true,"href":"https:\/\/radadzielnicy.witosa.pl\/index.php?rest_route=%2Fwp%2Fv2%2Fcategories&post=2527"},{"taxonomy":"post_tag","embeddable":true,"href":"https:\/\/radadzielnicy.witosa.pl\/index.php?rest_route=%2Fwp%2Fv2%2Ftags&post=2527"}],"curies":[{"name":"wp","href":"https:\/\/api.w.org\/{rel}","templated":true}]}}