{"id":2532,"date":"2023-04-03T20:20:36","date_gmt":"2023-04-03T18:20:36","guid":{"rendered":"http:\/\/radadzielnicy.witosa.pl\/?p=2532"},"modified":"2023-04-03T21:10:18","modified_gmt":"2023-04-03T19:10:18","slug":"projekty-do-tegorocznej-edycji-budzetu-obywatelskiego-w-pigulce","status":"publish","type":"post","link":"https:\/\/radadzielnicy.witosa.pl\/?p=2532","title":{"rendered":"Projekty do  kolejnej edycji Bud\u017cetu Obywatelskiego w pigu\u0142ce"},"content":{"rendered":"<div class=\"fcbkbttn_buttons_block\" id=\"fcbkbttn_left\"><div class=\"fcbkbttn_like \"><fb:like href=\"https:\/\/radadzielnicy.witosa.pl\/?p=2532\" action=\"like\" colorscheme=\"light\" layout=\"standard\"  width=\"225px\" size=\"small\"><\/fb:like><\/div><div class=\"fb-share-button  \" data-href=\"https:\/\/radadzielnicy.witosa.pl\/?p=2532\" data-type=\"button_count\" data-size=\"small\"><\/div><\/div><p>Juz od 4 kwietnia mo\u017cna sk\u0142ada\u0107 wnioski do realizacji w 2024 roku , ze \u015brodk\u00f3w bud\u017cetu obywatelskiego.<br \/>\nNa wasze wnioski&nbsp; g\u0142osowa\u0107 b\u0119dziemy jeszcze w tym roku od 11-24 wrze\u015bnia.<br \/>\nJe\u017celi macie ciekawe pomys\u0142y do zrealizowania nie zwlekajcie.&nbsp;<\/p>\n<p>Przypominamy w pigu\u0142ce:&nbsp;<\/p>\n<p>DLA OSIEDLA WITOSA&nbsp; dla projekt\u00f3w lokalnych&nbsp; pula \u015brodk\u00f3w <strong>550 773 z\u0142<\/strong>&nbsp; .<br \/>\nMaksymalna wysoko\u015b\u0107&nbsp; pojedy\u0144czego projektu to&nbsp; <strong>330 464 z\u0142&nbsp;<\/strong> wymagane 11 podpis\u00f3w<\/p>\n<p>NA ZADANIA OG\u00d3LNOMIEJSKIE : &nbsp;&#8211; pula \u015brodk\u00f3w <strong>3 004 498 z\u0142<\/strong> &#8211;&nbsp; wymagane 50 podpis\u00f3w.<\/p>\n<p><em>HARMONOGRAM :&nbsp;<\/em><\/p>\n<p>Zg\u0142aszanie projekt\u00f3w zada\u0144 do Bud\u017cetu Obywatelskiego <strong>od 4 do 28 kwietnia 2023<br \/>\n<\/strong>Weryfikacja formalna i og\u0142oszenie wynik\u00f3w weryfikacji formalnej <strong>do 29 maja 2023<br \/>\n<\/strong>\u0141\u0105czenie zg\u0142oszonych wniosk\u00f3w <strong>do 30 czerwca 2023<br \/>\n<\/strong>Zg\u0142aszanie zastrze\u017ce\u0144 i uwag do zada\u0144<strong>do 30 czerwca 2023<br \/>\n<\/strong>Weryfikacja merytoryczna i og\u0142oszenie wynik\u00f3w weryfikacji merytorycznej <strong>do 10 sierpnia 2023<br \/>\n<\/strong>Wycofanie wniosku <strong>do 25 sierpnia 2023<br \/>\n<\/strong>G\u0142osowanie <strong>od 11 do 24 wrze\u015bnia 2023<br \/>\n<\/strong>Podanie wynik\u00f3w g\u0142osowania \u2013 oficjalne zamkni\u0119cie procesu wyboru zada\u0144 do realizacji <strong>do 29 wrze\u015bnia 2023<\/strong><\/p>\n<hr>\n<p><strong>MASZ POMYS\u0141 NA ZIELE\u0143 ?&nbsp;<\/strong><\/p>\n<p>Tutaj do dyspozycji dla Osiedla Witosam mamy <strong>108 196 z\u0142&nbsp;<br \/>\n<\/strong>Maksymalna wysoko\u015b\u0107&nbsp; pojedy\u0144czego projektu<strong> 64 918 z\u0142<\/strong><\/p>\n<p>Nic trudnego. WYPE\u0141NIJ DOKUMENT i czekaj czy spe\u0142nisz kryteria .<br \/>\nTe projekty nie wymagaja g\u0142osowania a przechodz\u0105 tylko Ocen\u0119 zespo\u0142u.&nbsp;<\/p>\n<p><em>Harmonogram&nbsp; Zielonego Bud\u017cetu :<\/em><\/p>\n<p>Zg\u0142aszanie projekt\u00f3w zada\u0144 <strong>od 4 do 28 kwietnia 2023 r.<br \/>\n<\/strong>I etap weryfikacji wraz z og\u0142oszeniem wynik\u00f3w weryfikacji <strong>do 5 czerwca 2023 r.<br \/>\n<\/strong>II etap weryfikacji wraz z og\u0142oszeniem wynik\u00f3w weryfikacji <strong>do 1 wrze\u015bnia 2023 r.<br \/>\n<\/strong>Etap pracy Zespo\u0142u Oceniaj\u0105cego <strong>do 27 wrze\u015bnia 2023 r.<br \/>\n<\/strong>Og\u0142oszenie wynik\u00f3w pracy Zespo\u0142u Oceniaj\u0105cego oraz informacji o wyborze zada\u0144 do realizacji <strong>do 29 wrze\u015bnia 2023 r.<\/strong><\/p>\n<p>Szczeg\u00f3\u0142y&nbsp; na&nbsp; <a href=\"http:\/\/bo.katowice.eu\/\">http:\/\/bo.katowice.eu\/&nbsp;<\/a> a ju\u017c tutaj w pigu\u0142ce dokumenty do pobrania:&nbsp;<\/p>\n<p><a href=\"http:\/\/radadzielnicy.witosa.pl\/wp-content\/uploads\/2023\/04\/BO_2023.zip\">Wszystkie&nbsp; dokumenty niezb\u0119dne do z\u0142o\u017cenia wniosku&nbsp; w ramach Bud\u017cetu Obywatelskiego&nbsp;<\/a><\/p>\n<p><a href=\"http:\/\/radadzielnicy.witosa.pl\/wp-content\/uploads\/2023\/04\/zielony.zip\">Wszystkie dokumenty wumagane do z\u0142o\u017cenia wniosku w ramach Zielonego Bud\u017cetu&nbsp;<\/a><\/p>\n ","protected":false},"excerpt":{"rendered":"<p>Juz od 4 kwietnia mo\u017cna sk\u0142ada\u0107 wnioski do realizacji w 2024 roku , ze \u015brodk\u00f3w bud\u017cetu obywatelskiego. Na wasze wnioski&nbsp; g\u0142osowa\u0107 b\u0119dziemy jeszcze w tym roku od&hellip;<\/p>\n<p> <a class=\"more-link\" href=\"https:\/\/radadzielnicy.witosa.pl\/?p=2532\">Dowiedz si\u0119 wi\u0119cej<\/a><\/p>\n","protected":false},"author":1,"featured_media":2538,"comment_status":"closed","ping_status":"closed","sticky":false,"template":"","format":"standard","meta":{"ngg_post_thumbnail":0,"footnotes":""},"categories":[5],"tags":[],"class_list":{"0":"post-2532","1":"post","2":"type-post","3":"status-publish","4":"format-standard","5":"has-post-thumbnail","7":"category-komunikaty"},"_links":{"self":[{"href":"https:\/\/radadzielnicy.witosa.pl\/index.php?rest_route=\/wp\/v2\/posts\/2532","targetHints":{"allow":["GET"]}}],"collection":[{"href":"https:\/\/radadzielnicy.witosa.pl\/index.php?rest_route=\/wp\/v2\/posts"}],"about":[{"href":"https:\/\/radadzielnicy.witosa.pl\/index.php?rest_route=\/wp\/v2\/types\/post"}],"author":[{"embeddable":true,"href":"https:\/\/radadzielnicy.witosa.pl\/index.php?rest_route=\/wp\/v2\/users\/1"}],"replies":[{"embeddable":true,"href":"https:\/\/radadzielnicy.witosa.pl\/index.php?rest_route=%2Fwp%2Fv2%2Fcomments&post=2532"}],"version-history":[{"count":4,"href":"https:\/\/radadzielnicy.witosa.pl\/index.php?rest_route=\/wp\/v2\/posts\/2532\/revisions"}],"predecessor-version":[{"id":2540,"href":"https:\/\/radadzielnicy.witosa.pl\/index.php?rest_route=\/wp\/v2\/posts\/2532\/revisions\/2540"}],"wp:featuredmedia":[{"embeddable":true,"href":"https:\/\/radadzielnicy.witosa.pl\/index.php?rest_route=\/wp\/v2\/media\/2538"}],"wp:attachment":[{"href":"https:\/\/radadzielnicy.witosa.pl\/index.php?rest_route=%2Fwp%2Fv2%2Fmedia&parent=2532"}],"wp:term":[{"taxonomy":"category","embeddable":true,"href":"https:\/\/radadzielnicy.witosa.pl\/index.php?rest_route=%2Fwp%2Fv2%2Fcategories&post=2532"},{"taxonomy":"post_tag","embeddable":true,"href":"https:\/\/radadzielnicy.witosa.pl\/index.php?rest_route=%2Fwp%2Fv2%2Ftags&post=2532"}],"curies":[{"name":"wp","href":"https:\/\/api.w.org\/{rel}","templated":true}]}}