{"id":2541,"date":"2023-04-08T18:08:29","date_gmt":"2023-04-08T16:08:29","guid":{"rendered":"http:\/\/radadzielnicy.witosa.pl\/?p=2541"},"modified":"2023-04-08T18:08:29","modified_gmt":"2023-04-08T16:08:29","slug":"wielkanoc-2023","status":"publish","type":"post","link":"https:\/\/radadzielnicy.witosa.pl\/?p=2541","title":{"rendered":"Wielkanoc 2023"},"content":{"rendered":"<div class=\"fcbkbttn_buttons_block\" id=\"fcbkbttn_left\"><div class=\"fcbkbttn_like \"><fb:like href=\"https:\/\/radadzielnicy.witosa.pl\/?p=2541\" action=\"like\" colorscheme=\"light\" layout=\"standard\"  width=\"225px\" size=\"small\"><\/fb:like><\/div><div class=\"fb-share-button  \" data-href=\"https:\/\/radadzielnicy.witosa.pl\/?p=2541\" data-type=\"button_count\" data-size=\"small\"><\/div><\/div><p><strong>Szanowni Mieszka\u0144cy,<\/p>\n<p>W tym \u015awi\u0105tecznym czasie \u017cyczymy Wam&nbsp;<br \/>\nPOGODNYCH , RADOSNYCH&nbsp;<br \/>\n\u015bwi\u0105t Wielkanocnych&nbsp;<br \/>\nwype\u0142nionych nadziej\u0105, i rado\u015bci\u0105. <\/strong><\/p>\n<p><strong><br \/>\n&nbsp;Rady Dzielnicy nr 8<br \/>\n&nbsp;Osiedle Witosa<\/strong><\/p>\n ","protected":false},"excerpt":{"rendered":"<p>Szanowni Mieszka\u0144cy, W tym \u015awi\u0105tecznym czasie \u017cyczymy Wam&nbsp; POGODNYCH , RADOSNYCH&nbsp; \u015bwi\u0105t Wielkanocnych&nbsp; wype\u0142nionych nadziej\u0105, i rado\u015bci\u0105. &nbsp;Rady Dzielnicy nr 8 &nbsp;Osiedle Witosa<\/p>\n","protected":false},"author":1,"featured_media":2542,"comment_status":"closed","ping_status":"closed","sticky":false,"template":"","format":"standard","meta":{"ngg_post_thumbnail":0,"footnotes":""},"categories":[5],"tags":[],"class_list":{"0":"post-2541","1":"post","2":"type-post","3":"status-publish","4":"format-standard","5":"has-post-thumbnail","7":"category-komunikaty"},"_links":{"self":[{"href":"https:\/\/radadzielnicy.witosa.pl\/index.php?rest_route=\/wp\/v2\/posts\/2541","targetHints":{"allow":["GET"]}}],"collection":[{"href":"https:\/\/radadzielnicy.witosa.pl\/index.php?rest_route=\/wp\/v2\/posts"}],"about":[{"href":"https:\/\/radadzielnicy.witosa.pl\/index.php?rest_route=\/wp\/v2\/types\/post"}],"author":[{"embeddable":true,"href":"https:\/\/radadzielnicy.witosa.pl\/index.php?rest_route=\/wp\/v2\/users\/1"}],"replies":[{"embeddable":true,"href":"https:\/\/radadzielnicy.witosa.pl\/index.php?rest_route=%2Fwp%2Fv2%2Fcomments&post=2541"}],"version-history":[{"count":1,"href":"https:\/\/radadzielnicy.witosa.pl\/index.php?rest_route=\/wp\/v2\/posts\/2541\/revisions"}],"predecessor-version":[{"id":2543,"href":"https:\/\/radadzielnicy.witosa.pl\/index.php?rest_route=\/wp\/v2\/posts\/2541\/revisions\/2543"}],"wp:featuredmedia":[{"embeddable":true,"href":"https:\/\/radadzielnicy.witosa.pl\/index.php?rest_route=\/wp\/v2\/media\/2542"}],"wp:attachment":[{"href":"https:\/\/radadzielnicy.witosa.pl\/index.php?rest_route=%2Fwp%2Fv2%2Fmedia&parent=2541"}],"wp:term":[{"taxonomy":"category","embeddable":true,"href":"https:\/\/radadzielnicy.witosa.pl\/index.php?rest_route=%2Fwp%2Fv2%2Fcategories&post=2541"},{"taxonomy":"post_tag","embeddable":true,"href":"https:\/\/radadzielnicy.witosa.pl\/index.php?rest_route=%2Fwp%2Fv2%2Ftags&post=2541"}],"curies":[{"name":"wp","href":"https:\/\/api.w.org\/{rel}","templated":true}]}}