{"id":2574,"date":"2023-04-23T19:50:32","date_gmt":"2023-04-23T17:50:32","guid":{"rendered":"https:\/\/radadzielnicy.witosa.pl\/?p=2574"},"modified":"2023-04-23T20:02:46","modified_gmt":"2023-04-23T18:02:46","slug":"prace-nad-obejsciem-przy-stawie-kozubek","status":"publish","type":"post","link":"https:\/\/radadzielnicy.witosa.pl\/?p=2574","title":{"rendered":"Prace nad Obej\u015bciem przy stawie KOZUBEK"},"content":{"rendered":"<div class=\"fcbkbttn_buttons_block\" id=\"fcbkbttn_left\"><div class=\"fcbkbttn_like \"><fb:like href=\"https:\/\/radadzielnicy.witosa.pl\/?p=2574\" action=\"like\" colorscheme=\"light\" layout=\"standard\"  width=\"225px\" size=\"small\"><\/fb:like><\/div><div class=\"fb-share-button  \" data-href=\"https:\/\/radadzielnicy.witosa.pl\/?p=2574\" data-type=\"button_count\" data-size=\"small\"><\/div><\/div><p>Ju\u017c od prawie miesi\u0105ca trwaj\u0105 prace nad czyszczeniem terenu i budow\u0105 alejek przy stawie Kozubek przy ulicy OBROKI.&nbsp;<\/p>\n<p>To efekt walczenia o zielone&nbsp; osiedlowe tereny i moc g\u0142os\u00f3w os\u00f3b kt\u00f3rym bud\u017cet obywatelski nie jest oboj\u0119tny.&nbsp;<\/p>\n<p>A ca\u0142a akcje zwi\u0105zane jest z realizacj\u0105 projektu z Bud\u017cetu Obywatelskiego&nbsp; &#8222;Przywr\u00f3\u0107my \u015bwiatu staw Kozubek&#8221;&nbsp;<br \/>\n&nbsp;<\/p>\n<p>Jak pisali\u015bmy w <a href=\"https:\/\/radadzielnicy.witosa.pl\/?p=2495\">pa\u017adzierniku 2022 roku tutaj&nbsp; plany staj\u0105 si\u0119 rzeczywisto\u015bci\u0105 \ud83d\ude42&nbsp;<\/a><\/p>\n<p>Sprawdzili\u015bmy te\u017c osobi\u015bcie jak id\u0105 prace.<\/p>\n<p>&nbsp;<\/p>\n<p>Mo\u017cecie zobaczy\u0107 w naszej&nbsp; ponizszej galerii&nbsp;<\/p>\n<p>&nbsp;<\/p>\nngg_shortcode_0_placeholder\n ","protected":false},"excerpt":{"rendered":"<p>Ju\u017c od prawie miesi\u0105ca trwaj\u0105 prace nad czyszczeniem terenu i budow\u0105 alejek przy stawie Kozubek przy ulicy OBROKI.&nbsp; To efekt walczenia o zielone&nbsp; osiedlowe tereny i moc&hellip;<\/p>\n<p> <a class=\"more-link\" href=\"https:\/\/radadzielnicy.witosa.pl\/?p=2574\">Dowiedz si\u0119 wi\u0119cej<\/a><\/p>\n","protected":false},"author":1,"featured_media":2576,"comment_status":"closed","ping_status":"closed","sticky":false,"template":"","format":"standard","meta":{"ngg_post_thumbnail":0,"footnotes":""},"categories":[5],"tags":[],"class_list":{"0":"post-2574","1":"post","2":"type-post","3":"status-publish","4":"format-standard","5":"has-post-thumbnail","7":"category-komunikaty"},"_links":{"self":[{"href":"https:\/\/radadzielnicy.witosa.pl\/index.php?rest_route=\/wp\/v2\/posts\/2574","targetHints":{"allow":["GET"]}}],"collection":[{"href":"https:\/\/radadzielnicy.witosa.pl\/index.php?rest_route=\/wp\/v2\/posts"}],"about":[{"href":"https:\/\/radadzielnicy.witosa.pl\/index.php?rest_route=\/wp\/v2\/types\/post"}],"author":[{"embeddable":true,"href":"https:\/\/radadzielnicy.witosa.pl\/index.php?rest_route=\/wp\/v2\/users\/1"}],"replies":[{"embeddable":true,"href":"https:\/\/radadzielnicy.witosa.pl\/index.php?rest_route=%2Fwp%2Fv2%2Fcomments&post=2574"}],"version-history":[{"count":4,"href":"https:\/\/radadzielnicy.witosa.pl\/index.php?rest_route=\/wp\/v2\/posts\/2574\/revisions"}],"predecessor-version":[{"id":2579,"href":"https:\/\/radadzielnicy.witosa.pl\/index.php?rest_route=\/wp\/v2\/posts\/2574\/revisions\/2579"}],"wp:featuredmedia":[{"embeddable":true,"href":"https:\/\/radadzielnicy.witosa.pl\/index.php?rest_route=\/wp\/v2\/media\/2576"}],"wp:attachment":[{"href":"https:\/\/radadzielnicy.witosa.pl\/index.php?rest_route=%2Fwp%2Fv2%2Fmedia&parent=2574"}],"wp:term":[{"taxonomy":"category","embeddable":true,"href":"https:\/\/radadzielnicy.witosa.pl\/index.php?rest_route=%2Fwp%2Fv2%2Fcategories&post=2574"},{"taxonomy":"post_tag","embeddable":true,"href":"https:\/\/radadzielnicy.witosa.pl\/index.php?rest_route=%2Fwp%2Fv2%2Ftags&post=2574"}],"curies":[{"name":"wp","href":"https:\/\/api.w.org\/{rel}","templated":true}]}}