{"id":2581,"date":"2023-04-08T20:21:10","date_gmt":"2023-04-08T18:21:10","guid":{"rendered":"https:\/\/radadzielnicy.witosa.pl\/?p=2581"},"modified":"2023-04-23T20:24:15","modified_gmt":"2023-04-23T18:24:15","slug":"rozbudowa-parkingu-przy-ul-rataja-czy-zmiany-organizacji-ruchu-na-ul-bardowskiego","status":"publish","type":"post","link":"https:\/\/radadzielnicy.witosa.pl\/?p=2581","title":{"rendered":"Rozbudowa parkingu przy ul. Rataja czy  zmiany organizacji ruchu na ul. Bardowskiego"},"content":{"rendered":"<div class=\"fcbkbttn_buttons_block\" id=\"fcbkbttn_left\"><div class=\"fcbkbttn_like \"><fb:like href=\"https:\/\/radadzielnicy.witosa.pl\/?p=2581\" action=\"like\" colorscheme=\"light\" layout=\"standard\"  width=\"225px\" size=\"small\"><\/fb:like><\/div><div class=\"fb-share-button  \" data-href=\"https:\/\/radadzielnicy.witosa.pl\/?p=2581\" data-type=\"button_count\" data-size=\"small\"><\/div><\/div><p>Takie tematy poruszali\u015bmy na ostatnim naszym posiedzeniu.<\/p>\n<p>Uchwa\u0142y w tym temacie zosta\u0142y podj\u0119te po burzliwych dyskusjach.&nbsp;<\/p>\n<p>Ze szczeg\u00f3\u0142ami mo\u017cecie zapozna\u0107 si\u0119 poni\u017cej oraz&nbsp; w zak\u0142adce uchwa\u0142y.&nbsp;<\/p>\n<ul>\n<li><strong>uchwa\u0142a nr 262\/2023<\/strong>&nbsp;w sprawie zaopiniowania propozycji rozbudowy parkingu przy ul. Rataja w rejonie Ronda Aleksandry \u015al\u0105skiej&nbsp;<a href=\"https:\/\/bip.katowice.eu\/SiteAssets\/Lists\/Dokumenty\/fd_Element_Edit\/Uchwa%C5%82a%20nr%20262%20RD%208.pdf\"><img decoding=\"async\" class=\"ms-asset-icon ms-rtePosition-4\" src=\"https:\/\/bip.katowice.eu\/_layouts\/15\/images\/icpdf.png\" alt=\"\">Uchwa\u0142a nr 262 RD 8.pdf<\/a><\/li>\n<li><strong>uchwa\u0142a nr 263\/2023<\/strong>&nbsp; w sprawie zaopiniowania na wniosek Wydzia\u0142u Transportu UM Katowice propozycji zmiany organizacji ruchu na ul. Bardowskiego <a href=\"https:\/\/bip.katowice.eu\/SiteAssets\/Lists\/Dokumenty\/fd_Element_Edit\/Uchwa%C5%82a%20nr%20263%20RD%208.pdf\"><img decoding=\"async\" class=\"ms-asset-icon ms-rtePosition-4\" src=\"https:\/\/bip.katowice.eu\/_layouts\/15\/images\/icpdf.png\" alt=\"\">Uchwa\u0142a nr 263 RD 8.pdf<\/a><\/li>\n<\/ul>\n ","protected":false},"excerpt":{"rendered":"<p>Takie tematy poruszali\u015bmy na ostatnim naszym posiedzeniu. Uchwa\u0142y w tym temacie zosta\u0142y podj\u0119te po burzliwych dyskusjach.&nbsp; Ze szczeg\u00f3\u0142ami mo\u017cecie zapozna\u0107 si\u0119 poni\u017cej oraz&nbsp; w zak\u0142adce uchwa\u0142y.&nbsp; uchwa\u0142a&hellip;<\/p>\n<p> <a class=\"more-link\" href=\"https:\/\/radadzielnicy.witosa.pl\/?p=2581\">Dowiedz si\u0119 wi\u0119cej<\/a><\/p>\n","protected":false},"author":1,"featured_media":0,"comment_status":"closed","ping_status":"closed","sticky":false,"template":"","format":"standard","meta":{"ngg_post_thumbnail":0,"footnotes":""},"categories":[5],"tags":[],"class_list":{"0":"post-2581","1":"post","2":"type-post","3":"status-publish","4":"format-standard","6":"category-komunikaty"},"_links":{"self":[{"href":"https:\/\/radadzielnicy.witosa.pl\/index.php?rest_route=\/wp\/v2\/posts\/2581","targetHints":{"allow":["GET"]}}],"collection":[{"href":"https:\/\/radadzielnicy.witosa.pl\/index.php?rest_route=\/wp\/v2\/posts"}],"about":[{"href":"https:\/\/radadzielnicy.witosa.pl\/index.php?rest_route=\/wp\/v2\/types\/post"}],"author":[{"embeddable":true,"href":"https:\/\/radadzielnicy.witosa.pl\/index.php?rest_route=\/wp\/v2\/users\/1"}],"replies":[{"embeddable":true,"href":"https:\/\/radadzielnicy.witosa.pl\/index.php?rest_route=%2Fwp%2Fv2%2Fcomments&post=2581"}],"version-history":[{"count":2,"href":"https:\/\/radadzielnicy.witosa.pl\/index.php?rest_route=\/wp\/v2\/posts\/2581\/revisions"}],"predecessor-version":[{"id":2583,"href":"https:\/\/radadzielnicy.witosa.pl\/index.php?rest_route=\/wp\/v2\/posts\/2581\/revisions\/2583"}],"wp:attachment":[{"href":"https:\/\/radadzielnicy.witosa.pl\/index.php?rest_route=%2Fwp%2Fv2%2Fmedia&parent=2581"}],"wp:term":[{"taxonomy":"category","embeddable":true,"href":"https:\/\/radadzielnicy.witosa.pl\/index.php?rest_route=%2Fwp%2Fv2%2Fcategories&post=2581"},{"taxonomy":"post_tag","embeddable":true,"href":"https:\/\/radadzielnicy.witosa.pl\/index.php?rest_route=%2Fwp%2Fv2%2Ftags&post=2581"}],"curies":[{"name":"wp","href":"https:\/\/api.w.org\/{rel}","templated":true}]}}