{"id":2591,"date":"2023-05-30T16:49:11","date_gmt":"2023-05-30T14:49:11","guid":{"rendered":"https:\/\/radadzielnicy.witosa.pl\/?p=2591"},"modified":"2023-06-01T07:52:02","modified_gmt":"2023-06-01T05:52:02","slug":"60-posiedzenie-rady-dzielnicy-6-czerwca-2023","status":"publish","type":"post","link":"https:\/\/radadzielnicy.witosa.pl\/?p=2591","title":{"rendered":"60. posiedzenie Rady Dzielnicy &#8211; 6 czerwca 2023"},"content":{"rendered":"<div class=\"fcbkbttn_buttons_block\" id=\"fcbkbttn_left\"><div class=\"fcbkbttn_like \"><fb:like href=\"https:\/\/radadzielnicy.witosa.pl\/?p=2591\" action=\"like\" colorscheme=\"light\" layout=\"standard\"  width=\"225px\" size=\"small\"><\/fb:like><\/div><div class=\"fb-share-button  \" data-href=\"https:\/\/radadzielnicy.witosa.pl\/?p=2591\" data-type=\"button_count\" data-size=\"small\"><\/div><\/div><p>Informujemy, \u017ce 60. posiedzenie Rady Dzielnicy nr 8 Osiedle Witosa,<br \/>\nodb\u0119dzie si\u0119 w dn. 6 czerwca 2023 r. (wtorek) w siedzibie Rady<br \/>\nDzielnicy nr 8 Osiedle Witosa przy ul. Kwiatkowskiego 8.<\/p>\n<p>Rozpocz\u0119cie posiedzenia o godz. 19:00. Pomieszczenie zostanie<br \/>\nudost\u0119pnione od godz. 18:30.<\/p>\n<p>Proponowany porz\u0105dek posiedzenia :&nbsp;<br \/>\n1. Otwarcie posiedzenia i stwierdzenie jego prawomocno\u015bci.<br \/>\n2. Powo\u0142anie sekretarza posiedzenia.<br \/>\n3. Przyj\u0119cie porz\u0105dku posiedzenia.<br \/>\n4. Przyj\u0119cie protoko\u0142u nr 6\/2023 z 59. posiedzenia Rady w dn. 09.05.2023 r.<br \/>\n5. Informacja Przewodnicz\u0105cego Rady nt. dzia\u0142a\u0144 podejmowanych pomi\u0119dzy<br \/>\nposiedzeniami Rady.<br \/>\n6. Informacja Przewodnicz\u0105cego Zarz\u0105du nt. dzia\u0142a\u0144 Zarz\u0105du podejmowanych<br \/>\npomi\u0119dzy posiedzeniami Rady.<br \/>\n7. Dyskusja nt. propozycji Rady Dzielnicy do Bud\u017cetu Miasta Katowice ma rok<br \/>\n2024.<br \/>\n8. Rozpatrzenie spraw wniesionych przez Mieszka\u0144c\u00f3w Dzielnicy pomi\u0119dzy<br \/>\nposiedzeniami Rady.<br \/>\n9. Sprawy organizacyjne i porz\u0105dkowe.<br \/>\n10.Komunikaty i zaproszenia.<br \/>\n11.Wolne wnioski.<br \/>\n12.Zamkni\u0119cie posiedzenia.<\/p>\n ","protected":false},"excerpt":{"rendered":"<p>Informujemy, \u017ce 60. posiedzenie Rady Dzielnicy nr 8 Osiedle Witosa, odb\u0119dzie si\u0119 w dn. 6 czerwca 2023 r. (wtorek) w siedzibie Rady Dzielnicy nr 8 Osiedle Witosa&hellip;<\/p>\n<p> <a class=\"more-link\" href=\"https:\/\/radadzielnicy.witosa.pl\/?p=2591\">Dowiedz si\u0119 wi\u0119cej<\/a><\/p>\n","protected":false},"author":1,"featured_media":0,"comment_status":"closed","ping_status":"closed","sticky":false,"template":"","format":"standard","meta":{"ngg_post_thumbnail":0,"footnotes":""},"categories":[5],"tags":[],"class_list":{"0":"post-2591","1":"post","2":"type-post","3":"status-publish","4":"format-standard","6":"category-komunikaty"},"_links":{"self":[{"href":"https:\/\/radadzielnicy.witosa.pl\/index.php?rest_route=\/wp\/v2\/posts\/2591","targetHints":{"allow":["GET"]}}],"collection":[{"href":"https:\/\/radadzielnicy.witosa.pl\/index.php?rest_route=\/wp\/v2\/posts"}],"about":[{"href":"https:\/\/radadzielnicy.witosa.pl\/index.php?rest_route=\/wp\/v2\/types\/post"}],"author":[{"embeddable":true,"href":"https:\/\/radadzielnicy.witosa.pl\/index.php?rest_route=\/wp\/v2\/users\/1"}],"replies":[{"embeddable":true,"href":"https:\/\/radadzielnicy.witosa.pl\/index.php?rest_route=%2Fwp%2Fv2%2Fcomments&post=2591"}],"version-history":[{"count":1,"href":"https:\/\/radadzielnicy.witosa.pl\/index.php?rest_route=\/wp\/v2\/posts\/2591\/revisions"}],"predecessor-version":[{"id":2592,"href":"https:\/\/radadzielnicy.witosa.pl\/index.php?rest_route=\/wp\/v2\/posts\/2591\/revisions\/2592"}],"wp:attachment":[{"href":"https:\/\/radadzielnicy.witosa.pl\/index.php?rest_route=%2Fwp%2Fv2%2Fmedia&parent=2591"}],"wp:term":[{"taxonomy":"category","embeddable":true,"href":"https:\/\/radadzielnicy.witosa.pl\/index.php?rest_route=%2Fwp%2Fv2%2Fcategories&post=2591"},{"taxonomy":"post_tag","embeddable":true,"href":"https:\/\/radadzielnicy.witosa.pl\/index.php?rest_route=%2Fwp%2Fv2%2Ftags&post=2591"}],"curies":[{"name":"wp","href":"https:\/\/api.w.org\/{rel}","templated":true}]}}