{"id":2600,"date":"2023-06-20T06:30:40","date_gmt":"2023-06-20T04:30:40","guid":{"rendered":"https:\/\/radadzielnicy.witosa.pl\/?p=2600"},"modified":"2023-06-20T06:33:14","modified_gmt":"2023-06-20T04:33:14","slug":"spotkanie-z-prezydentem-miasta-26-06-aula-szkoly","status":"publish","type":"post","link":"https:\/\/radadzielnicy.witosa.pl\/?p=2600","title":{"rendered":"Spotkanie z Prezydentem Miasta 26.06 Aula szko\u0142y"},"content":{"rendered":"<div class=\"fcbkbttn_buttons_block\" id=\"fcbkbttn_left\"><div class=\"fcbkbttn_like \"><fb:like href=\"https:\/\/radadzielnicy.witosa.pl\/?p=2600\" action=\"like\" colorscheme=\"light\" layout=\"standard\"  width=\"225px\" size=\"small\"><\/fb:like><\/div><div class=\"fb-share-button  \" data-href=\"https:\/\/radadzielnicy.witosa.pl\/?p=2600\" data-type=\"button_count\" data-size=\"small\"><\/div><\/div><p>W poniedzia\u0142kowe popo\u0142udnie w skrzynkach pocztowych mieszka\u0144cy Osiedla Witosa znale\u017a\u0107 mogli zaproszenie Prezydenta Miasta Katowice&nbsp; na spotkanie dotycz\u0105ce dzielnicy Osiedle Witosa, kt\u00f3re <strong>odb\u0119dzie si\u0119 w poniedzia\u0142ek 26 czerwca o godz. 17:00 w auli Szko\u0142y Podstawowej nr 33 przy ul. Witosa 23<\/strong>.&nbsp;<\/p>\n<p>&nbsp;<\/p>\n<p>Zach\u0119camy do udzia\u0142u w spotkaniu.<\/p>\n<p>Pe\u0142na tre\u015b\u0107 listu :&nbsp;<a href=\"http:\/\/radadzielnicy.witosa.pl\/wp-content\/uploads\/2023\/06\/RD8_PREZYDENT.pdf\">RD8_PREZYDENT<\/a><\/p>\n ","protected":false},"excerpt":{"rendered":"<p>W poniedzia\u0142kowe popo\u0142udnie w skrzynkach pocztowych mieszka\u0144cy Osiedla Witosa znale\u017a\u0107 mogli zaproszenie Prezydenta Miasta Katowice&nbsp; na spotkanie dotycz\u0105ce dzielnicy Osiedle Witosa, kt\u00f3re odb\u0119dzie si\u0119 w poniedzia\u0142ek 26&hellip;<\/p>\n<p> <a class=\"more-link\" href=\"https:\/\/radadzielnicy.witosa.pl\/?p=2600\">Dowiedz si\u0119 wi\u0119cej<\/a><\/p>\n","protected":false},"author":1,"featured_media":2604,"comment_status":"closed","ping_status":"closed","sticky":false,"template":"","format":"standard","meta":{"ngg_post_thumbnail":0,"footnotes":""},"categories":[5,10],"tags":[],"class_list":{"0":"post-2600","1":"post","2":"type-post","3":"status-publish","4":"format-standard","5":"has-post-thumbnail","7":"category-komunikaty","8":"category-ogloszenia"},"_links":{"self":[{"href":"https:\/\/radadzielnicy.witosa.pl\/index.php?rest_route=\/wp\/v2\/posts\/2600","targetHints":{"allow":["GET"]}}],"collection":[{"href":"https:\/\/radadzielnicy.witosa.pl\/index.php?rest_route=\/wp\/v2\/posts"}],"about":[{"href":"https:\/\/radadzielnicy.witosa.pl\/index.php?rest_route=\/wp\/v2\/types\/post"}],"author":[{"embeddable":true,"href":"https:\/\/radadzielnicy.witosa.pl\/index.php?rest_route=\/wp\/v2\/users\/1"}],"replies":[{"embeddable":true,"href":"https:\/\/radadzielnicy.witosa.pl\/index.php?rest_route=%2Fwp%2Fv2%2Fcomments&post=2600"}],"version-history":[{"count":1,"href":"https:\/\/radadzielnicy.witosa.pl\/index.php?rest_route=\/wp\/v2\/posts\/2600\/revisions"}],"predecessor-version":[{"id":2602,"href":"https:\/\/radadzielnicy.witosa.pl\/index.php?rest_route=\/wp\/v2\/posts\/2600\/revisions\/2602"}],"wp:featuredmedia":[{"embeddable":true,"href":"https:\/\/radadzielnicy.witosa.pl\/index.php?rest_route=\/wp\/v2\/media\/2604"}],"wp:attachment":[{"href":"https:\/\/radadzielnicy.witosa.pl\/index.php?rest_route=%2Fwp%2Fv2%2Fmedia&parent=2600"}],"wp:term":[{"taxonomy":"category","embeddable":true,"href":"https:\/\/radadzielnicy.witosa.pl\/index.php?rest_route=%2Fwp%2Fv2%2Fcategories&post=2600"},{"taxonomy":"post_tag","embeddable":true,"href":"https:\/\/radadzielnicy.witosa.pl\/index.php?rest_route=%2Fwp%2Fv2%2Ftags&post=2600"}],"curies":[{"name":"wp","href":"https:\/\/api.w.org\/{rel}","templated":true}]}}