{"id":2606,"date":"2023-06-20T22:05:43","date_gmt":"2023-06-20T20:05:43","guid":{"rendered":"https:\/\/radadzielnicy.witosa.pl\/?p=2606"},"modified":"2023-06-25T11:09:40","modified_gmt":"2023-06-25T09:09:40","slug":"ii-termin-61-posiedzenia-rady-dzielnicy-nr-8-osiedle-witosa","status":"publish","type":"post","link":"https:\/\/radadzielnicy.witosa.pl\/?p=2606","title":{"rendered":"II termin\u00a0 61.\u00a0posiedzenia\u00a0Rady\u00a0Dzielnicy nr 8 Osiedle Witosa"},"content":{"rendered":"<div class=\"fcbkbttn_buttons_block\" id=\"fcbkbttn_left\"><div class=\"fcbkbttn_like \"><fb:like href=\"https:\/\/radadzielnicy.witosa.pl\/?p=2606\" action=\"like\" colorscheme=\"light\" layout=\"standard\"  width=\"225px\" size=\"small\"><\/fb:like><\/div><div class=\"fb-share-button  \" data-href=\"https:\/\/radadzielnicy.witosa.pl\/?p=2606\" data-type=\"button_count\" data-size=\"small\"><\/div><\/div><div>&nbsp;<\/div>\n<div>Szanowni Pa\u0144stwo<\/div>\n<div>Informujemy, \u017ce&nbsp; II termin&nbsp; <b><u>61<\/u><\/b><b>.&nbsp;<\/b>posiedzenia<b>&nbsp;Rady&nbsp;Dzielnicy nr 8 Osiedle Witosa<\/b>,&nbsp; zosta\u0142 wyznaczony na <b><u>&nbsp;26 czerwca br. (pon)<\/u><\/b> o godzinie 16:15 i odb\u0119dzie sie w&nbsp; Klubie OSiedlowym &#8222;PLUS SM Za\u0142\u0119ska Ha\u0142da przy ulicy witosa 17&nbsp;<\/div>\n<div>\n<p>Proponowany porz\u0105dek posiedzenia:&nbsp;<\/p>\n<p>1. Otwarcie posiedzenia i stwierdzenie jego prawomocno\u015bci.<br \/>\n2. Powo\u0142anie sekretarza posiedzenia.<br \/>\n3. Przyj\u0119cie porz\u0105dku posiedzenia.<br \/>\n4. Przyj\u0119cie protoko\u0142u nr 7\/2023 z 60. posiedzenia Rady w dn. 06.06.2023 r.<br \/>\n5. Informacja Przewodnicz\u0105cego Rady nt. dzia\u0142a\u0144 podejmowanych pomi\u0119dzy<br \/>\nposiedzeniami Rady.<br \/>\n6. Informacja Przewodnicz\u0105cego Zarz\u0105du nt. dzia\u0142a\u0144 Zarz\u0105du podejmowanych<br \/>\npomi\u0119dzy posiedzeniami Rady.<br \/>\n7. Rozpatrzenie projektu uchwa\u0142y ws. przyj\u0119cia propozycji Rady Dzielnicy nr 8<br \/>\nOsiedle Witosa do Bud\u017cetu Miasta Katowice na rok 2024.<br \/>\n8. Rozpatrzenie projektu uchwa\u0142y ws. wskazania priorytet\u00f3w Rady Dzielnicy nr 8<br \/>\nOsiedle Witosa w zakresie propozycji zg\u0142aszanych do Bud\u017cetu Miasta<br \/>\nKatowice na rok 2024.<br \/>\n9. Rozpatrzenie spraw wniesionych przez Mieszka\u0144c\u00f3w Dzielnicy pomi\u0119dzy<br \/>\nposiedzeniami Rady.<br \/>\n10.Sprawy organizacyjne i porz\u0105dkowe.<br \/>\n11.Komunikaty i zaproszenia.<br \/>\n12.Wolne wnioski.<br \/>\n13.Zamkni\u0119cie posiedzenia.<\/p>\n<\/div>\n ","protected":false},"excerpt":{"rendered":"<p>&nbsp; Szanowni Pa\u0144stwo Informujemy, \u017ce&nbsp; II termin&nbsp; 61.&nbsp;posiedzenia&nbsp;Rady&nbsp;Dzielnicy nr 8 Osiedle Witosa,&nbsp; zosta\u0142 wyznaczony na &nbsp;26 czerwca br. (pon) o godzinie 16:15 i odb\u0119dzie sie w&nbsp; Klubie&hellip;<\/p>\n<p> <a class=\"more-link\" href=\"https:\/\/radadzielnicy.witosa.pl\/?p=2606\">Dowiedz si\u0119 wi\u0119cej<\/a><\/p>\n","protected":false},"author":1,"featured_media":233,"comment_status":"closed","ping_status":"closed","sticky":false,"template":"","format":"standard","meta":{"ngg_post_thumbnail":0,"footnotes":""},"categories":[5],"tags":[],"class_list":{"0":"post-2606","1":"post","2":"type-post","3":"status-publish","4":"format-standard","5":"has-post-thumbnail","7":"category-komunikaty"},"_links":{"self":[{"href":"https:\/\/radadzielnicy.witosa.pl\/index.php?rest_route=\/wp\/v2\/posts\/2606","targetHints":{"allow":["GET"]}}],"collection":[{"href":"https:\/\/radadzielnicy.witosa.pl\/index.php?rest_route=\/wp\/v2\/posts"}],"about":[{"href":"https:\/\/radadzielnicy.witosa.pl\/index.php?rest_route=\/wp\/v2\/types\/post"}],"author":[{"embeddable":true,"href":"https:\/\/radadzielnicy.witosa.pl\/index.php?rest_route=\/wp\/v2\/users\/1"}],"replies":[{"embeddable":true,"href":"https:\/\/radadzielnicy.witosa.pl\/index.php?rest_route=%2Fwp%2Fv2%2Fcomments&post=2606"}],"version-history":[{"count":3,"href":"https:\/\/radadzielnicy.witosa.pl\/index.php?rest_route=\/wp\/v2\/posts\/2606\/revisions"}],"predecessor-version":[{"id":2609,"href":"https:\/\/radadzielnicy.witosa.pl\/index.php?rest_route=\/wp\/v2\/posts\/2606\/revisions\/2609"}],"wp:featuredmedia":[{"embeddable":true,"href":"https:\/\/radadzielnicy.witosa.pl\/index.php?rest_route=\/wp\/v2\/media\/233"}],"wp:attachment":[{"href":"https:\/\/radadzielnicy.witosa.pl\/index.php?rest_route=%2Fwp%2Fv2%2Fmedia&parent=2606"}],"wp:term":[{"taxonomy":"category","embeddable":true,"href":"https:\/\/radadzielnicy.witosa.pl\/index.php?rest_route=%2Fwp%2Fv2%2Fcategories&post=2606"},{"taxonomy":"post_tag","embeddable":true,"href":"https:\/\/radadzielnicy.witosa.pl\/index.php?rest_route=%2Fwp%2Fv2%2Ftags&post=2606"}],"curies":[{"name":"wp","href":"https:\/\/api.w.org\/{rel}","templated":true}]}}