{"id":3731,"date":"2024-09-20T08:45:54","date_gmt":"2024-09-20T06:45:54","guid":{"rendered":"https:\/\/radadzielnicy.witosa.pl\/?p=3731"},"modified":"2024-09-20T08:45:54","modified_gmt":"2024-09-20T06:45:54","slug":"v-edycji-konkursu-miejskiego-pn-katowizje-firma-spolecznie-odpowiedzialna","status":"publish","type":"post","link":"https:\/\/radadzielnicy.witosa.pl\/?p=3731","title":{"rendered":"V edycji konkursu miejskiego pn. \u201eKatowizje \u2013 firma spo\u0142ecznie odpowiedzialna\u201d"},"content":{"rendered":"<div class=\"fcbkbttn_buttons_block\" id=\"fcbkbttn_left\"><div class=\"fcbkbttn_like \"><fb:like href=\"https:\/\/radadzielnicy.witosa.pl\/?p=3731\" action=\"like\" colorscheme=\"light\" layout=\"standard\"  width=\"225px\" size=\"small\"><\/fb:like><\/div><div class=\"fb-share-button  \" data-href=\"https:\/\/radadzielnicy.witosa.pl\/?p=3731\" data-type=\"button_count\" data-size=\"small\"><\/div><\/div><p class=\"x_MsoNormal\">Szanowni Pa\u0144stwo&nbsp;<\/p>\n<p><b>V edycja konkursu miejskiego pn. \u201eKatowizje \u2013 firma spo\u0142ecznie odpowiedzialna\u201d<\/b>,<br \/>\nkt\u00f3ry&nbsp;skierowany jest do firm z sektora MM\u015aP prowadz\u0105cych dzia\u0142alno\u015b\u0107 z zakresu spo\u0142ecznej odpowiedzialno\u015bci biznesu &#8211; CSR.&nbsp;<\/p>\n<p class=\"x_MsoNormal\">&nbsp;<\/p>\n<p class=\"x_MsoNormal\">Nab\u00f3r rozpocz\u0105\u0142 si\u0119 w dniu 16.09.24 r. oraz potrwa do dnia 16.10.24 r.<br \/>\nWszystkie informacje w tym regulamin oraz formularze zg\u0142oszeniowe dost\u0119pne s\u0105 na stronie:<br \/>\n&nbsp;&nbsp;<a href=\"https:\/\/rawaink.katowice.eu\/katowizje-po-raz-piaty\/\" target=\"_blank\" rel=\"noopener noreferrer\">https:\/\/rawaink.katowice.eu\/katowizje-po-raz-piaty\/<\/a><\/p>\n ","protected":false},"excerpt":{"rendered":"<p>Szanowni Pa\u0144stwo&nbsp; V edycja konkursu miejskiego pn. \u201eKatowizje \u2013 firma spo\u0142ecznie odpowiedzialna\u201d, kt\u00f3ry&nbsp;skierowany jest do firm z sektora MM\u015aP prowadz\u0105cych dzia\u0142alno\u015b\u0107 z zakresu spo\u0142ecznej odpowiedzialno\u015bci biznesu &#8211;&hellip;<\/p>\n<p> <a class=\"more-link\" href=\"https:\/\/radadzielnicy.witosa.pl\/?p=3731\">Dowiedz si\u0119 wi\u0119cej<\/a><\/p>\n","protected":false},"author":1,"featured_media":0,"comment_status":"closed","ping_status":"closed","sticky":false,"template":"","format":"standard","meta":{"ngg_post_thumbnail":0,"footnotes":""},"categories":[10],"tags":[],"class_list":{"0":"post-3731","1":"post","2":"type-post","3":"status-publish","4":"format-standard","6":"category-ogloszenia"},"_links":{"self":[{"href":"https:\/\/radadzielnicy.witosa.pl\/index.php?rest_route=\/wp\/v2\/posts\/3731","targetHints":{"allow":["GET"]}}],"collection":[{"href":"https:\/\/radadzielnicy.witosa.pl\/index.php?rest_route=\/wp\/v2\/posts"}],"about":[{"href":"https:\/\/radadzielnicy.witosa.pl\/index.php?rest_route=\/wp\/v2\/types\/post"}],"author":[{"embeddable":true,"href":"https:\/\/radadzielnicy.witosa.pl\/index.php?rest_route=\/wp\/v2\/users\/1"}],"replies":[{"embeddable":true,"href":"https:\/\/radadzielnicy.witosa.pl\/index.php?rest_route=%2Fwp%2Fv2%2Fcomments&post=3731"}],"version-history":[{"count":1,"href":"https:\/\/radadzielnicy.witosa.pl\/index.php?rest_route=\/wp\/v2\/posts\/3731\/revisions"}],"predecessor-version":[{"id":3732,"href":"https:\/\/radadzielnicy.witosa.pl\/index.php?rest_route=\/wp\/v2\/posts\/3731\/revisions\/3732"}],"wp:attachment":[{"href":"https:\/\/radadzielnicy.witosa.pl\/index.php?rest_route=%2Fwp%2Fv2%2Fmedia&parent=3731"}],"wp:term":[{"taxonomy":"category","embeddable":true,"href":"https:\/\/radadzielnicy.witosa.pl\/index.php?rest_route=%2Fwp%2Fv2%2Fcategories&post=3731"},{"taxonomy":"post_tag","embeddable":true,"href":"https:\/\/radadzielnicy.witosa.pl\/index.php?rest_route=%2Fwp%2Fv2%2Ftags&post=3731"}],"curies":[{"name":"wp","href":"https:\/\/api.w.org\/{rel}","templated":true}]}}