{"id":649,"date":"2019-02-19T12:08:06","date_gmt":"2019-02-19T11:08:06","guid":{"rendered":"http:\/\/rjp8.katowice.eu\/?p=649"},"modified":"2019-02-19T12:22:22","modified_gmt":"2019-02-19T11:22:22","slug":"radni-rady-miasta-katowice-z-okregu-nr-4","status":"publish","type":"post","link":"https:\/\/radadzielnicy.witosa.pl\/?p=649","title":{"rendered":"Radni Rady Miasta Katowice z okr\u0119gu nr 4"},"content":{"rendered":"<div class=\"fcbkbttn_buttons_block\" id=\"fcbkbttn_left\"><div class=\"fcbkbttn_like \"><fb:like href=\"https:\/\/radadzielnicy.witosa.pl\/?p=649\" action=\"like\" colorscheme=\"light\" layout=\"standard\"  width=\"225px\" size=\"small\"><\/fb:like><\/div><div class=\"fb-share-button  \" data-href=\"https:\/\/radadzielnicy.witosa.pl\/?p=649\" data-type=\"button_count\" data-size=\"small\"><\/div><\/div>\n<p class=\"has-text-color has-vivid-cyan-blue-color\"><strong>(Os. Tysi\u0105clecia, Za\u0142\u0119\u017ce, Os. Witosa, Za\u0142\u0119ska&nbsp;Ha\u0142da \u2013 Bryn\u00f3w cz.Zachodnia)&nbsp; &nbsp;w kadencji 2018-2023<\/strong><\/p>\n\n\n\n<p><strong>Patryk Bia\u0142as (Koalicja Obywatelska)<\/strong><br><strong> \/<\/strong>telefon: +48\u00a0606\u00a0739\u00a0037| mail: patrykbialas@gmail.com<\/p>\n\n\n\n<p><em>dy\u017cury na terenie dzielnicy:<\/em><\/p>\n\n\n\n<p>Trzeci poniedzia\u0142ek miesi\u0105ca (18.03, 15.04, 20.05, 17.06, 15.07, 19.08, 16.09, 21.10,18.11, 16.12 ) <br>w godz. <strong>17:15-18:15<\/strong> |Miejska Biblioteka Publiczna w Katowicachfilia nr 12, ul. Witosa 18b <\/p>\n\n\n\n<p><strong>Krzysztof Kraus (Forum Samorz\u0105dowe i Marcin Krupa) <\/strong><br><strong>\/<\/strong>telefon: +48\u00a0502\u00a0313\u00a0401| mail: krzysztof.kraus86@gmail.com<\/p>\n\n\n\n<p><em>dy\u017cury na terenie dzielnicy:<\/em><\/p>\n\n\n\n<p>Pierwszy wtorek miesi\u0105ca (5.03, 2.04, 7.05, 4.06, 2.07, 6.08, 3.09, 1.10, 5.11, 3.12) <br><strong>w godz.18:00-19:00<\/strong> |Rada Jednostki Pomocniczej nr 8 Osiedle Witosa, ul.Kwiatkowskiego 8<\/p>\n\n\n\n<p><strong>Wies\u0142aw Mrowiec (Prawo i Sprawiedliwo\u015b\u0107)<\/strong><br><strong> \/<\/strong>telefon: +48\u00a0500\u00a0501\u00a0303| mail: mrowiec.wieslaw@gmail.com<\/p>\n\n\n\n<p><em>dy\u017cury na terenie dzielnicy:<\/em><\/p>\n\n\n\n<p>\u015arody (6.03,3.04, 8.05, 5.06, 3.07, 4.09, 2.10, 6.11)<br> <strong>w godz. 16:00-17:00<\/strong> |Rada JednostkiPomocniczej nr 8 Osiedle Witosa, ul. Kwiatkowskiego 8<\/p>\n\n\n\n<p><strong>Borys Pronobis (Forum Samorz\u0105dowe i Marcin&nbsp; Krupa)\/&nbsp; &nbsp;<\/strong>telefon:+48&nbsp;600&nbsp;950&nbsp;647 | mail: borys.pronobis@interia.pl<\/p>\n\n\n\n<p><em>dy\u017cury naterenie dzielnicy: &#8212;<\/em><\/p>\n\n\n\n<p><strong>Magdalena Wieczorek (Koalicja Obywatelska) \/<\/strong>telefon: +48&nbsp;665&nbsp;254&nbsp;932\n| mail: mgw5@gazeta.pl<\/p>\n\n\n\n<p><em>dy\u017cury naterenie dzielnicy: &#8212;<\/em><\/p>\n\n\n\n<p><strong>J\u00f3zef Zawadzki (Forum Samorz\u0105dowe i Marcin Krupa)\/&nbsp; &nbsp;<\/strong>telefon:+48&nbsp;605&nbsp;787&nbsp;332 |&nbsp; &nbsp;mail: radny@zawadzki.katowice.pl<\/p>\n\n\n\n<p><em>dy\u017cury naterenie dzielnicy: &#8212;<\/em><\/p>\n ","protected":false},"excerpt":{"rendered":"<p>(Os. Tysi\u0105clecia, Za\u0142\u0119\u017ce, Os. Witosa, Za\u0142\u0119ska&nbsp;Ha\u0142da \u2013 Bryn\u00f3w cz.Zachodnia)&nbsp; &nbsp;w kadencji 2018-2023 Patryk Bia\u0142as (Koalicja Obywatelska) \/telefon: +48\u00a0606\u00a0739\u00a0037| mail: patrykbialas@gmail.com dy\u017cury na terenie dzielnicy: Trzeci poniedzia\u0142ek miesi\u0105ca&hellip;<\/p>\n<p> <a class=\"more-link\" href=\"https:\/\/radadzielnicy.witosa.pl\/?p=649\">Dowiedz si\u0119 wi\u0119cej<\/a><\/p>\n","protected":false},"author":1,"featured_media":0,"comment_status":"closed","ping_status":"closed","sticky":false,"template":"","format":"standard","meta":{"ngg_post_thumbnail":0,"footnotes":""},"categories":[10],"tags":[],"class_list":{"0":"post-649","1":"post","2":"type-post","3":"status-publish","4":"format-standard","6":"category-ogloszenia"},"_links":{"self":[{"href":"https:\/\/radadzielnicy.witosa.pl\/index.php?rest_route=\/wp\/v2\/posts\/649","targetHints":{"allow":["GET"]}}],"collection":[{"href":"https:\/\/radadzielnicy.witosa.pl\/index.php?rest_route=\/wp\/v2\/posts"}],"about":[{"href":"https:\/\/radadzielnicy.witosa.pl\/index.php?rest_route=\/wp\/v2\/types\/post"}],"author":[{"embeddable":true,"href":"https:\/\/radadzielnicy.witosa.pl\/index.php?rest_route=\/wp\/v2\/users\/1"}],"replies":[{"embeddable":true,"href":"https:\/\/radadzielnicy.witosa.pl\/index.php?rest_route=%2Fwp%2Fv2%2Fcomments&post=649"}],"version-history":[{"count":2,"href":"https:\/\/radadzielnicy.witosa.pl\/index.php?rest_route=\/wp\/v2\/posts\/649\/revisions"}],"predecessor-version":[{"id":652,"href":"https:\/\/radadzielnicy.witosa.pl\/index.php?rest_route=\/wp\/v2\/posts\/649\/revisions\/652"}],"wp:attachment":[{"href":"https:\/\/radadzielnicy.witosa.pl\/index.php?rest_route=%2Fwp%2Fv2%2Fmedia&parent=649"}],"wp:term":[{"taxonomy":"category","embeddable":true,"href":"https:\/\/radadzielnicy.witosa.pl\/index.php?rest_route=%2Fwp%2Fv2%2Fcategories&post=649"},{"taxonomy":"post_tag","embeddable":true,"href":"https:\/\/radadzielnicy.witosa.pl\/index.php?rest_route=%2Fwp%2Fv2%2Ftags&post=649"}],"curies":[{"name":"wp","href":"https:\/\/api.w.org\/{rel}","templated":true}]}}